{"id":988,"date":"2017-03-05T22:48:10","date_gmt":"2017-03-05T21:48:10","guid":{"rendered":"http:\/\/motormania.info\/MM\/?p=988"},"modified":"2018-02-01T22:15:31","modified_gmt":"2018-02-01T21:15:31","slug":"subida-a-jaizkibel-txiki-1981-5a-edicion","status":"publish","type":"post","link":"https:\/\/motormania.info\/MM\/2017\/03\/05\/subida-a-jaizkibel-txiki-1981-5a-edicion\/","title":{"rendered":"Subida a Jaizkibel Txiki 1981 (5\u00aa edici\u00f3n)"},"content":{"rendered":"<p style=\"text-align: Justify;\">La 5\u00aa edici\u00f3n de la <strong>Subida a Jaizkibel Txiki<\/strong> (II <strong>Memorial hermanos Zabala<\/strong>) se disput\u00f3 el 01 de Febrero de 1.981, en una jornada soleada con el asfalto seco como principal protagonista. Esta prueba contaba con un recorrido mucho m\u00e1s corto que la Subida a Jaizkibel \u201coficial\u201d, poco m\u00e1s de <strong>3 km<\/strong> con la meta situada a la altura del merendero, poco antes del inicio de la <em>vaguada<\/em>. En esta ocasi\u00f3n la victoria fue para el bilba\u00edno <strong>Joseba Gayoso<\/strong> al volante de un <strong>Selex 1800.<\/strong><\/p>\n<figure id=\"attachment_990\" aria-describedby=\"caption-attachment-990\" style=\"width: 610px\" class=\"wp-caption aligncenter\"><img loading=\"lazy\" decoding=\"async\" class=\"wp-image-990 size-full\" src=\"http:\/\/motormania.info\/MM\/wp-content\/uploads\/2017\/03\/JAIZKIBEL002.jpg\" alt=\"Joseba Gayoso (Selex 1.800) \" width=\"610\" height=\"394\" srcset=\"https:\/\/motormania.info\/MM\/wp-content\/uploads\/2017\/03\/JAIZKIBEL002.jpg 610w, https:\/\/motormania.info\/MM\/wp-content\/uploads\/2017\/03\/JAIZKIBEL002-300x194.jpg 300w\" sizes=\"auto, (max-width: 610px) 100vw, 610px\" \/><figcaption id=\"caption-attachment-990\" class=\"wp-caption-text\">Joseba Gayoso. Selex 1.800\u00a0\u00a0\u00a0\u00a0\u00a0 (Foto; J. Estomba)<\/figcaption><\/figure>\n<figure id=\"attachment_992\" aria-describedby=\"caption-attachment-992\" style=\"width: 610px\" class=\"wp-caption aligncenter\"><img loading=\"lazy\" decoding=\"async\" class=\"wp-image-992 size-full\" src=\"http:\/\/motormania.info\/MM\/wp-content\/uploads\/2017\/03\/JAIZKIBEL003.jpg\" alt=\"Manu Garmendia. BMW 2002\" width=\"610\" height=\"444\" srcset=\"https:\/\/motormania.info\/MM\/wp-content\/uploads\/2017\/03\/JAIZKIBEL003.jpg 610w, https:\/\/motormania.info\/MM\/wp-content\/uploads\/2017\/03\/JAIZKIBEL003-300x218.jpg 300w, https:\/\/motormania.info\/MM\/wp-content\/uploads\/2017\/03\/JAIZKIBEL003-90x65.jpg 90w\" sizes=\"auto, (max-width: 610px) 100vw, 610px\" \/><figcaption id=\"caption-attachment-992\" class=\"wp-caption-text\">Manu Garmendia. BMW 2002\u00a0\u00a0\u00a0\u00a0\u00a0 (Foto; J. Estomba)<\/figcaption><\/figure>\n<figure id=\"attachment_994\" aria-describedby=\"caption-attachment-994\" style=\"width: 610px\" class=\"wp-caption aligncenter\"><img loading=\"lazy\" decoding=\"async\" class=\"wp-image-994 size-full\" src=\"http:\/\/motormania.info\/MM\/wp-content\/uploads\/2017\/03\/JAIZKIBEL004.jpg\" alt=\"M. Huarte. Austin Mini\" width=\"610\" height=\"407\" srcset=\"https:\/\/motormania.info\/MM\/wp-content\/uploads\/2017\/03\/JAIZKIBEL004.jpg 610w, https:\/\/motormania.info\/MM\/wp-content\/uploads\/2017\/03\/JAIZKIBEL004-300x200.jpg 300w, https:\/\/motormania.info\/MM\/wp-content\/uploads\/2017\/03\/JAIZKIBEL004-120x80.jpg 120w, https:\/\/motormania.info\/MM\/wp-content\/uploads\/2017\/03\/JAIZKIBEL004-360x240.jpg 360w, https:\/\/motormania.info\/MM\/wp-content\/uploads\/2017\/03\/JAIZKIBEL004-600x400.jpg 600w, https:\/\/motormania.info\/MM\/wp-content\/uploads\/2017\/03\/JAIZKIBEL004-480x320.jpg 480w\" sizes=\"auto, (max-width: 610px) 100vw, 610px\" \/><figcaption id=\"caption-attachment-994\" class=\"wp-caption-text\">M. Huarte. Austin Mini\u00a0\u00a0\u00a0\u00a0 (Foto; J. Estomba)<\/figcaption><\/figure>\n<figure id=\"attachment_995\" aria-describedby=\"caption-attachment-995\" style=\"width: 610px\" class=\"wp-caption aligncenter\"><img loading=\"lazy\" decoding=\"async\" class=\"wp-image-995 size-full\" src=\"http:\/\/motormania.info\/MM\/wp-content\/uploads\/2017\/03\/JAIZKIBEL005.jpg\" alt=\"Juan Carlos Herro. SEAT 1430\" width=\"610\" height=\"385\" srcset=\"https:\/\/motormania.info\/MM\/wp-content\/uploads\/2017\/03\/JAIZKIBEL005.jpg 610w, https:\/\/motormania.info\/MM\/wp-content\/uploads\/2017\/03\/JAIZKIBEL005-300x189.jpg 300w\" sizes=\"auto, (max-width: 610px) 100vw, 610px\" \/><figcaption id=\"caption-attachment-995\" class=\"wp-caption-text\">Juan Carlos Herro. SEAT 1430\u00a0\u00a0\u00a0\u00a0 (Foto; J. Estomba)<\/figcaption><\/figure>\n<figure id=\"attachment_997\" aria-describedby=\"caption-attachment-997\" style=\"width: 610px\" class=\"wp-caption aligncenter\"><img loading=\"lazy\" decoding=\"async\" class=\"wp-image-997 size-full\" src=\"http:\/\/motormania.info\/MM\/wp-content\/uploads\/2017\/03\/JAIZKIBEL006.jpg\" alt=\"Josemi Gabilondo. Alpine A110\" width=\"610\" height=\"341\" srcset=\"https:\/\/motormania.info\/MM\/wp-content\/uploads\/2017\/03\/JAIZKIBEL006.jpg 610w, https:\/\/motormania.info\/MM\/wp-content\/uploads\/2017\/03\/JAIZKIBEL006-300x168.jpg 300w\" sizes=\"auto, (max-width: 610px) 100vw, 610px\" \/><figcaption id=\"caption-attachment-997\" class=\"wp-caption-text\">Josemi Gabilondo. Alpine A110\u00a0\u00a0\u00a0\u00a0 (Foto; J. Estomba)<\/figcaption><\/figure>\n<figure id=\"attachment_998\" aria-describedby=\"caption-attachment-998\" style=\"width: 610px\" class=\"wp-caption aligncenter\"><img loading=\"lazy\" decoding=\"async\" class=\"wp-image-998 size-full\" src=\"http:\/\/motormania.info\/MM\/wp-content\/uploads\/2017\/03\/JAIZKIBEL007.jpg\" alt=\"Jos\u00e9 Pato. Alpine A110\" width=\"610\" height=\"392\" srcset=\"https:\/\/motormania.info\/MM\/wp-content\/uploads\/2017\/03\/JAIZKIBEL007.jpg 610w, https:\/\/motormania.info\/MM\/wp-content\/uploads\/2017\/03\/JAIZKIBEL007-300x193.jpg 300w\" sizes=\"auto, (max-width: 610px) 100vw, 610px\" \/><figcaption id=\"caption-attachment-998\" class=\"wp-caption-text\">Jos\u00e9 Pato. Alpine A110\u00a0\u00a0\u00a0\u00a0 (Foto; J. Estomba)<\/figcaption><\/figure>\n<figure id=\"attachment_999\" aria-describedby=\"caption-attachment-999\" style=\"width: 610px\" class=\"wp-caption aligncenter\"><img loading=\"lazy\" decoding=\"async\" class=\"wp-image-999 size-full\" src=\"http:\/\/motormania.info\/MM\/wp-content\/uploads\/2017\/03\/JAIZKIBEL008.jpg\" alt=\"Jose Luis Carreira. Ford Escort MkI\" width=\"610\" height=\"412\" srcset=\"https:\/\/motormania.info\/MM\/wp-content\/uploads\/2017\/03\/JAIZKIBEL008.jpg 610w, https:\/\/motormania.info\/MM\/wp-content\/uploads\/2017\/03\/JAIZKIBEL008-300x203.jpg 300w, https:\/\/motormania.info\/MM\/wp-content\/uploads\/2017\/03\/JAIZKIBEL008-120x80.jpg 120w\" sizes=\"auto, (max-width: 610px) 100vw, 610px\" \/><figcaption id=\"caption-attachment-999\" class=\"wp-caption-text\">Jose Luis Carreira. Ford Escort MkI\u00a0\u00a0\u00a0\u00a0 (Foto; J. Estomba)<\/figcaption><\/figure>\n<figure id=\"attachment_1001\" aria-describedby=\"caption-attachment-1001\" style=\"width: 610px\" class=\"wp-caption aligncenter\"><img loading=\"lazy\" decoding=\"async\" class=\"wp-image-1001 size-full\" src=\"http:\/\/motormania.info\/MM\/wp-content\/uploads\/2017\/03\/JAIZKIBEL009.jpg\" alt=\"Joaquin Goiburu. SIMCA Rallye\" width=\"610\" height=\"369\" srcset=\"https:\/\/motormania.info\/MM\/wp-content\/uploads\/2017\/03\/JAIZKIBEL009.jpg 610w, https:\/\/motormania.info\/MM\/wp-content\/uploads\/2017\/03\/JAIZKIBEL009-300x181.jpg 300w\" sizes=\"auto, (max-width: 610px) 100vw, 610px\" \/><figcaption id=\"caption-attachment-1001\" class=\"wp-caption-text\">Joaquin Goiburu. SIMCA Rallye\u00a0\u00a0\u00a0\u00a0 (Foto, J. Estomba)<\/figcaption><\/figure>\n<figure id=\"attachment_1003\" aria-describedby=\"caption-attachment-1003\" style=\"width: 610px\" class=\"wp-caption aligncenter\"><img loading=\"lazy\" decoding=\"async\" class=\"wp-image-1003 size-full\" src=\"http:\/\/motormania.info\/MM\/wp-content\/uploads\/2017\/03\/JAIZKIBEL010.jpg\" alt=\"Andr\u00e9s P\u00e9rez. Opel Kadett GT\/E\" width=\"610\" height=\"399\" srcset=\"https:\/\/motormania.info\/MM\/wp-content\/uploads\/2017\/03\/JAIZKIBEL010.jpg 610w, https:\/\/motormania.info\/MM\/wp-content\/uploads\/2017\/03\/JAIZKIBEL010-300x196.jpg 300w\" sizes=\"auto, (max-width: 610px) 100vw, 610px\" \/><figcaption id=\"caption-attachment-1003\" class=\"wp-caption-text\">Andr\u00e9s P\u00e9rez. Opel Kadett GT\/E\u00a0\u00a0\u00a0\u00a0 (Foto; J. Estomba)<\/figcaption><\/figure>\n<figure id=\"attachment_1005\" aria-describedby=\"caption-attachment-1005\" style=\"width: 610px\" class=\"wp-caption aligncenter\"><img loading=\"lazy\" decoding=\"async\" class=\"wp-image-1005 size-full\" src=\"http:\/\/motormania.info\/MM\/wp-content\/uploads\/2017\/03\/JAIZKIBEL011.jpg\" alt=\"Jose Manuel Ortiz. SIMCA Rallye \" width=\"610\" height=\"323\" srcset=\"https:\/\/motormania.info\/MM\/wp-content\/uploads\/2017\/03\/JAIZKIBEL011.jpg 610w, https:\/\/motormania.info\/MM\/wp-content\/uploads\/2017\/03\/JAIZKIBEL011-300x159.jpg 300w\" sizes=\"auto, (max-width: 610px) 100vw, 610px\" \/><figcaption id=\"caption-attachment-1005\" class=\"wp-caption-text\">Jose Manuel Ortiz. SIMCA Rallye\u00a0\u00a0\u00a0\u00a0 (Foto; J. Estomba)<\/figcaption><\/figure>\n<p>&nbsp;<\/p>\n<h3><strong>Motos y Karts<\/strong><\/h3>\n<p>Adem\u00e1s de coches, esta edici\u00f3n de la Subida a Jaizkibel Txiki tambi\u00e9n conto con clasificaciones para Motocicletas y Karts<\/p>\n<figure id=\"attachment_1007\" aria-describedby=\"caption-attachment-1007\" style=\"width: 610px\" class=\"wp-caption aligncenter\"><img loading=\"lazy\" decoding=\"async\" class=\"wp-image-1007 size-full\" src=\"http:\/\/motormania.info\/MM\/wp-content\/uploads\/2017\/03\/JAIZKIBEL013.jpg\" width=\"610\" height=\"474\" srcset=\"https:\/\/motormania.info\/MM\/wp-content\/uploads\/2017\/03\/JAIZKIBEL013.jpg 610w, https:\/\/motormania.info\/MM\/wp-content\/uploads\/2017\/03\/JAIZKIBEL013-300x233.jpg 300w\" sizes=\"auto, (max-width: 610px) 100vw, 610px\" \/><figcaption id=\"caption-attachment-1007\" class=\"wp-caption-text\">(Foto; J. Estomba)<\/figcaption><\/figure>\n<figure id=\"attachment_1006\" aria-describedby=\"caption-attachment-1006\" style=\"width: 610px\" class=\"wp-caption aligncenter\"><img loading=\"lazy\" decoding=\"async\" class=\"wp-image-1006 size-full\" src=\"http:\/\/motormania.info\/MM\/wp-content\/uploads\/2017\/03\/JAIZKIBEL012.jpg\" width=\"610\" height=\"406\" srcset=\"https:\/\/motormania.info\/MM\/wp-content\/uploads\/2017\/03\/JAIZKIBEL012.jpg 610w, https:\/\/motormania.info\/MM\/wp-content\/uploads\/2017\/03\/JAIZKIBEL012-300x200.jpg 300w, https:\/\/motormania.info\/MM\/wp-content\/uploads\/2017\/03\/JAIZKIBEL012-120x80.jpg 120w, https:\/\/motormania.info\/MM\/wp-content\/uploads\/2017\/03\/JAIZKIBEL012-360x240.jpg 360w, https:\/\/motormania.info\/MM\/wp-content\/uploads\/2017\/03\/JAIZKIBEL012-600x400.jpg 600w, https:\/\/motormania.info\/MM\/wp-content\/uploads\/2017\/03\/JAIZKIBEL012-480x320.jpg 480w\" sizes=\"auto, (max-width: 610px) 100vw, 610px\" \/><figcaption id=\"caption-attachment-1006\" class=\"wp-caption-text\">(Foto; J. Estomba)<\/figcaption><\/figure>\n<figure id=\"attachment_1008\" aria-describedby=\"caption-attachment-1008\" style=\"width: 610px\" class=\"wp-caption aligncenter\"><img loading=\"lazy\" decoding=\"async\" class=\"wp-image-1008 size-full\" src=\"http:\/\/motormania.info\/MM\/wp-content\/uploads\/2017\/03\/JAIZKIBEL014.jpg\" width=\"610\" height=\"336\" srcset=\"https:\/\/motormania.info\/MM\/wp-content\/uploads\/2017\/03\/JAIZKIBEL014.jpg 610w, https:\/\/motormania.info\/MM\/wp-content\/uploads\/2017\/03\/JAIZKIBEL014-300x165.jpg 300w\" sizes=\"auto, (max-width: 610px) 100vw, 610px\" \/><figcaption id=\"caption-attachment-1008\" class=\"wp-caption-text\">(Foto; J. Estomba)<\/figcaption><\/figure>\n<figure id=\"attachment_1009\" aria-describedby=\"caption-attachment-1009\" style=\"width: 610px\" class=\"wp-caption aligncenter\"><img loading=\"lazy\" decoding=\"async\" class=\"wp-image-1009 size-full\" src=\"http:\/\/motormania.info\/MM\/wp-content\/uploads\/2017\/03\/JAIZKIBEL015.jpg\" width=\"610\" height=\"458\" srcset=\"https:\/\/motormania.info\/MM\/wp-content\/uploads\/2017\/03\/JAIZKIBEL015.jpg 610w, https:\/\/motormania.info\/MM\/wp-content\/uploads\/2017\/03\/JAIZKIBEL015-300x225.jpg 300w\" sizes=\"auto, (max-width: 610px) 100vw, 610px\" \/><figcaption id=\"caption-attachment-1009\" class=\"wp-caption-text\">(Foto; J. Estomba)<\/figcaption><\/figure>\n<figure id=\"attachment_1010\" aria-describedby=\"caption-attachment-1010\" style=\"width: 610px\" class=\"wp-caption aligncenter\"><img loading=\"lazy\" decoding=\"async\" class=\"wp-image-1010 size-full\" src=\"http:\/\/motormania.info\/MM\/wp-content\/uploads\/2017\/03\/JAIZKIBEL016.jpg\" width=\"610\" height=\"416\" srcset=\"https:\/\/motormania.info\/MM\/wp-content\/uploads\/2017\/03\/JAIZKIBEL016.jpg 610w, https:\/\/motormania.info\/MM\/wp-content\/uploads\/2017\/03\/JAIZKIBEL016-300x205.jpg 300w\" sizes=\"auto, (max-width: 610px) 100vw, 610px\" \/><figcaption id=\"caption-attachment-1010\" class=\"wp-caption-text\">(Foto; J. Estomba)<\/figcaption><\/figure>\n<figure id=\"attachment_1011\" aria-describedby=\"caption-attachment-1011\" style=\"width: 610px\" class=\"wp-caption aligncenter\"><img loading=\"lazy\" decoding=\"async\" class=\"wp-image-1011 size-full\" src=\"http:\/\/motormania.info\/MM\/wp-content\/uploads\/2017\/03\/JAIZKIBEL017.jpg\" width=\"610\" height=\"448\" srcset=\"https:\/\/motormania.info\/MM\/wp-content\/uploads\/2017\/03\/JAIZKIBEL017.jpg 610w, https:\/\/motormania.info\/MM\/wp-content\/uploads\/2017\/03\/JAIZKIBEL017-300x220.jpg 300w, https:\/\/motormania.info\/MM\/wp-content\/uploads\/2017\/03\/JAIZKIBEL017-90x65.jpg 90w\" sizes=\"auto, (max-width: 610px) 100vw, 610px\" \/><figcaption id=\"caption-attachment-1011\" class=\"wp-caption-text\">(Foto; J. Estomba)<\/figcaption><\/figure>\n<p style=\"text-align: justify;\"><em>\u00a0Este reportaje no hubiese sido posible sin la colaboraci\u00f3n de <strong>Fernando Beorlegui<\/strong> y las fotograf\u00edas de <strong>Javier Estomba.<\/strong><\/em><\/p>\n<p>&nbsp;<\/p>\n<p>&nbsp;<\/p>\n","protected":false},"excerpt":{"rendered":"<p>La 5\u00aa edici\u00f3n de la Subida a Jaizkibel Txiki (II Memorial hermanos Zabala) se disput\u00f3 el 01 de Febrero de 1.981, en una jornada soleada con el asfalto seco como principal protagonista. Esta prueba contaba con un recorrido mucho m\u00e1s corto que la Subida a[&#8230;]<\/p>\n","protected":false},"author":1,"featured_media":1012,"comment_status":"open","ping_status":"open","sticky":false,"template":"","format":"standard","meta":{"footnotes":""},"categories":[1,2],"tags":[501,214,12,502,505,503,504,6,500],"class_list":["post-988","post","type-post","status-publish","format-standard","has-post-thumbnail","hentry","category-competicion","category-historia","tag-501","tag-igoera","tag-jaizkibel","tag-joseba-gayoso","tag-kart","tag-moto","tag-motocicleta","tag-subida","tag-txiki"],"_links":{"self":[{"href":"https:\/\/motormania.info\/MM\/wp-json\/wp\/v2\/posts\/988","targetHints":{"allow":["GET"]}}],"collection":[{"href":"https:\/\/motormania.info\/MM\/wp-json\/wp\/v2\/posts"}],"about":[{"href":"https:\/\/motormania.info\/MM\/wp-json\/wp\/v2\/types\/post"}],"author":[{"embeddable":true,"href":"https:\/\/motormania.info\/MM\/wp-json\/wp\/v2\/users\/1"}],"replies":[{"embeddable":true,"href":"https:\/\/motormania.info\/MM\/wp-json\/wp\/v2\/comments?post=988"}],"version-history":[{"count":10,"href":"https:\/\/motormania.info\/MM\/wp-json\/wp\/v2\/posts\/988\/revisions"}],"predecessor-version":[{"id":1970,"href":"https:\/\/motormania.info\/MM\/wp-json\/wp\/v2\/posts\/988\/revisions\/1970"}],"wp:featuredmedia":[{"embeddable":true,"href":"https:\/\/motormania.info\/MM\/wp-json\/wp\/v2\/media\/1012"}],"wp:attachment":[{"href":"https:\/\/motormania.info\/MM\/wp-json\/wp\/v2\/media?parent=988"}],"wp:term":[{"taxonomy":"category","embeddable":true,"href":"https:\/\/motormania.info\/MM\/wp-json\/wp\/v2\/categories?post=988"},{"taxonomy":"post_tag","embeddable":true,"href":"https:\/\/motormania.info\/MM\/wp-json\/wp\/v2\/tags?post=988"}],"curies":[{"name":"wp","href":"https:\/\/api.w.org\/{rel}","templated":true}]}}