{"id":4488,"date":"2026-04-26T19:32:50","date_gmt":"2026-04-26T18:32:50","guid":{"rendered":"https:\/\/motormania.info\/MM\/?p=4488"},"modified":"2026-04-26T23:09:47","modified_gmt":"2026-04-26T22:09:47","slug":"subida-a-vega-de-espinareda-2025-14a-edicion","status":"publish","type":"post","link":"https:\/\/motormania.info\/MM\/2026\/04\/26\/subida-a-vega-de-espinareda-2025-14a-edicion\/","title":{"rendered":"Subida a Vega de Espinareda 2026 (14\u00aa edici\u00f3n)"},"content":{"rendered":"\n<p>Sobreponi\u00e9ndose a una competencia muy nutrida tanto en monoplazas como en turismos, con varios de ellos compitiendo por la victoria absoluta, el gallego <strong>Alexis Vieitez<\/strong> (Lola T96) se ha impuesto en la <strong>XIV Subida a Vega de Espinareda <\/strong>disputada el 25 de abril de 2026, tercera prueba puntuable para el Campeonato de Castilla y Le\u00f3n de Monta\u00f1a. La mejor Subida a Vega de la historia por inscripci\u00f3n de pilotos y veh\u00edculos termin\u00f3 sin lluvia y sin incidencias, con lo que el espect\u00e1culo fue completo especialmente en la <strong>Copa N5<\/strong>, en la que varias de las mejores monturas del noroeste pelearon por ser el mejor de los veh\u00edculos de RMC justo en la semana en la que <strong>Roberto M\u00e9ndez<\/strong> (participante con uno de sus <a href=\"https:\/\/motormania.info\/MM\/2008\/07\/20\/ford-fiesta-mki-historia-y-ficha-tecnica\/\" data-type=\"post\" data-id=\"287\" target=\"_blank\" rel=\"noreferrer noopener\">Ford Fiesta<\/a>) anunciaba su proyecto mundialista.<\/p>\n\n\n<div class=\"wp-block-image\">\n<figure class=\"aligncenter size-full\"><img loading=\"lazy\" decoding=\"async\" width=\"610\" height=\"403\" src=\"https:\/\/motormania.info\/MM\/wp-content\/uploads\/2026\/04\/Alexis-Vieitez-1.jpg\" alt=\"Alexis Vieitez\" class=\"wp-image-4495\" srcset=\"https:\/\/motormania.info\/MM\/wp-content\/uploads\/2026\/04\/Alexis-Vieitez-1.jpg 610w, https:\/\/motormania.info\/MM\/wp-content\/uploads\/2026\/04\/Alexis-Vieitez-1-300x198.jpg 300w, https:\/\/motormania.info\/MM\/wp-content\/uploads\/2026\/04\/Alexis-Vieitez-1-120x80.jpg 120w\" sizes=\"auto, (max-width: 610px) 100vw, 610px\" \/><\/figure>\n<\/div>\n\n\n<p><strong>Alexis Vieitez<\/strong> marcaba ya en la segunda ascensi\u00f3n oficial un tiempo de 1\u00b432,0&#8243; que le val\u00eda para imponerse a <strong>Jairo Pesquera<\/strong> (Nova Proto) y <strong>Pablo Rey<\/strong> (Formula SMB x21) con m\u00e1s holgura incluso de la esperada. La presencia de primeros espadas como <strong>Luis Pesquera<\/strong>, con su espectacular BRC 205T, o el pluricampe\u00f3n nacional <strong>Jos\u00e9 Antonio L\u00f3pez Fombona<\/strong> (<a href=\"https:\/\/motormania.info\/MM\/2013\/04\/30\/porsche-911-901-1a-generacion-historia-y-ficha-tecnica\/\" data-type=\"post\" data-id=\"1350\" target=\"_blank\" rel=\"noreferrer noopener\">Porsche<\/a><a href=\"https:\/\/motormania.info\/MM\/2013\/04\/30\/porsche-911-901-1a-generacion-historia-y-ficha-tecnica\/\" data-type=\"post\" data-id=\"1350\">911<\/a> GT3) hac\u00eda presagiar pelea por la victoria scracth a poco que el agua hiciera acto de presencia, pero tal circunstancia no se dio. El ponferradino <strong>Jonathan Rodr\u00edguez<\/strong> (Hyundai i20) complet\u00f3 el podio de carrozados mientras que <strong>Javier Sanz<\/strong> (Ford Fiesta N5) se hizo con la primera plaza de la muy re\u00f1ida Clase 3 por delante de ilustres como <strong>Carlos Fern\u00e1ndez Negro <\/strong>(Peugeot 208 N5), <strong>Conrado Fern\u00e1ndez<\/strong> (Peugeot 208 N5) o el hasta el momento l\u00edder del certamen <strong>Ra\u00fal<\/strong> <strong>Barba<\/strong> (Ford Fiesta N5).<\/p>\n\n\n<div class=\"wp-block-image\">\n<figure class=\"aligncenter size-full\"><img loading=\"lazy\" decoding=\"async\" width=\"610\" height=\"459\" src=\"https:\/\/motormania.info\/MM\/wp-content\/uploads\/2026\/04\/Carlos-Fernadez-Negro.jpg\" alt=\"Carlos Fernadez Negro\" class=\"wp-image-4494\" srcset=\"https:\/\/motormania.info\/MM\/wp-content\/uploads\/2026\/04\/Carlos-Fernadez-Negro.jpg 610w, https:\/\/motormania.info\/MM\/wp-content\/uploads\/2026\/04\/Carlos-Fernadez-Negro-300x226.jpg 300w\" sizes=\"auto, (max-width: 610px) 100vw, 610px\" \/><\/figure>\n<\/div>\n\n\n<p> <\/p>\n\n\n<div class=\"wp-block-image\">\n<figure class=\"aligncenter size-full\"><img loading=\"lazy\" decoding=\"async\" width=\"610\" height=\"394\" src=\"https:\/\/motormania.info\/MM\/wp-content\/uploads\/2026\/04\/Jonathan-Rodriguez-1.jpg\" alt=\"Jonathan Rodr\u00edguez \" class=\"wp-image-4493\" srcset=\"https:\/\/motormania.info\/MM\/wp-content\/uploads\/2026\/04\/Jonathan-Rodriguez-1.jpg 610w, https:\/\/motormania.info\/MM\/wp-content\/uploads\/2026\/04\/Jonathan-Rodriguez-1-300x194.jpg 300w\" sizes=\"auto, (max-width: 610px) 100vw, 610px\" \/><\/figure>\n<\/div>\n\n\n<p> <\/p>\n\n\n<div class=\"wp-block-image\">\n<figure class=\"aligncenter size-full\"><img loading=\"lazy\" decoding=\"async\" width=\"610\" height=\"324\" src=\"https:\/\/motormania.info\/MM\/wp-content\/uploads\/2026\/04\/Roberto-Mendez-1.jpg\" alt=\"Roberto M\u00e9ndez\" class=\"wp-image-4497\" srcset=\"https:\/\/motormania.info\/MM\/wp-content\/uploads\/2026\/04\/Roberto-Mendez-1.jpg 610w, https:\/\/motormania.info\/MM\/wp-content\/uploads\/2026\/04\/Roberto-Mendez-1-300x159.jpg 300w\" sizes=\"auto, (max-width: 610px) 100vw, 610px\" \/><\/figure>\n<\/div>\n\n\n<p class=\"has-text-align-right\"> Texto y fotos; <em><strong>M\u00e9dula Sport<\/strong><\/em><\/p>\n\n\n\n<p><\/p>\n","protected":false},"excerpt":{"rendered":"<p>Sobreponi\u00e9ndose a una competencia muy nutrida tanto en monoplazas como en turismos, con varios de ellos compitiendo por la victoria absoluta, el gallego Alexis Vieitez (Lola T96) se ha impuesto en la XIV Subida a Vega de Espinareda disputada el 25 de abril de 2026,[&#8230;]<\/p>\n","protected":false},"author":1,"featured_media":4492,"comment_status":"open","ping_status":"open","sticky":false,"template":"","format":"standard","meta":{"footnotes":""},"categories":[1,3],"tags":[1072,1081,6,1009],"class_list":["post-4488","post","type-post","status-publish","format-standard","has-post-thumbnail","hentry","category-competicion","category-noticias","tag-1072","tag-alexis-vieitez","tag-subida","tag-vega-de-espinareda"],"_links":{"self":[{"href":"https:\/\/motormania.info\/MM\/wp-json\/wp\/v2\/posts\/4488","targetHints":{"allow":["GET"]}}],"collection":[{"href":"https:\/\/motormania.info\/MM\/wp-json\/wp\/v2\/posts"}],"about":[{"href":"https:\/\/motormania.info\/MM\/wp-json\/wp\/v2\/types\/post"}],"author":[{"embeddable":true,"href":"https:\/\/motormania.info\/MM\/wp-json\/wp\/v2\/users\/1"}],"replies":[{"embeddable":true,"href":"https:\/\/motormania.info\/MM\/wp-json\/wp\/v2\/comments?post=4488"}],"version-history":[{"count":5,"href":"https:\/\/motormania.info\/MM\/wp-json\/wp\/v2\/posts\/4488\/revisions"}],"predecessor-version":[{"id":4499,"href":"https:\/\/motormania.info\/MM\/wp-json\/wp\/v2\/posts\/4488\/revisions\/4499"}],"wp:featuredmedia":[{"embeddable":true,"href":"https:\/\/motormania.info\/MM\/wp-json\/wp\/v2\/media\/4492"}],"wp:attachment":[{"href":"https:\/\/motormania.info\/MM\/wp-json\/wp\/v2\/media?parent=4488"}],"wp:term":[{"taxonomy":"category","embeddable":true,"href":"https:\/\/motormania.info\/MM\/wp-json\/wp\/v2\/categories?post=4488"},{"taxonomy":"post_tag","embeddable":true,"href":"https:\/\/motormania.info\/MM\/wp-json\/wp\/v2\/tags?post=4488"}],"curies":[{"name":"wp","href":"https:\/\/api.w.org\/{rel}","templated":true}]}}