{"id":4428,"date":"2026-03-09T23:03:01","date_gmt":"2026-03-09T22:03:01","guid":{"rendered":"https:\/\/motormania.info\/MM\/?p=4428"},"modified":"2026-03-09T23:03:04","modified_gmt":"2026-03-09T22:03:04","slug":"raid-autoclassic-ciudad-de-alcaniz-2026-3a-edicion","status":"publish","type":"post","link":"https:\/\/motormania.info\/MM\/2026\/03\/09\/raid-autoclassic-ciudad-de-alcaniz-2026-3a-edicion\/","title":{"rendered":"Raid AutoClassic &#8211; Ciudad de Alca\u00f1iz 2026 (3\u00aa edici\u00f3n)"},"content":{"rendered":"\n<p>El equipo formado por <strong>Francesc Ros Guilera<\/strong> y <strong>Francesc Ros Melero <\/strong>con su <strong><a href=\"https:\/\/motormania.info\/MM\/tag\/audi-rs4\/\" data-type=\"post_tag\" data-id=\"547\" target=\"_blank\" rel=\"noreferrer noopener\">Audi A4<\/a><\/strong> lograron la victoria absoluta en la clasificaci\u00f3n general del <strong>III Raid AutoClassic Ciudad de Alca\u00f1iz<\/strong> de regularidad hist\u00f3rica para veh\u00edculos fabricados en el siglo XX, que se celebr\u00f3 del 6 al 8 de marzo. Una tercera edici\u00f3n muy disputada en los primeros puestos a lo largo de las tres etapas. El segundo puesto fue para el equipo Altuna con su <strong><a href=\"https:\/\/motormania.info\/MM\/2006\/07\/02\/fiat-panda-4x4-trekking-historia-y-fotos\/\" data-type=\"post\" data-id=\"755\" target=\"_blank\" rel=\"noreferrer noopener\">Fiat Panda 4&#215;4<\/a><\/strong>, vencedores en la pasada edici\u00f3n; y el tercer lugar lo ocuparon <strong>Enric Vent\u00f3s<\/strong> y <strong>Xavier Punset <\/strong>con un <strong>Toyota Rav4<\/strong>. En la categor\u00eda Pre-80 <strong>Conrado G\u00f3mez<\/strong> y <strong>Diego Luna<\/strong> con un hist\u00f3rico <strong>Renault 12<\/strong> se subieron a lo m\u00e1s alto del caj\u00f3n. Los mallorquines, <strong>Antonio Mercadal <\/strong>y <strong>Gabriel Lliteras<\/strong>, con un <a href=\"https:\/\/motormania.info\/MM\/2003\/06\/11\/renault-5-historia-y-ficha-tecnica\/\" data-type=\"post\" data-id=\"449\" target=\"_blank\" rel=\"noreferrer noopener\"><strong>Renault 5<\/strong><\/a> lograron la segunda posici\u00f3n y la tercera fue para <strong>Pau Marco<\/strong> y <strong>Jaume Tobella<\/strong> con un <strong>Mercedes SLC<\/strong>.&nbsp;<\/p>\n\n\n<div class=\"wp-block-image\">\n<figure class=\"aligncenter size-full\"><img loading=\"lazy\" decoding=\"async\" width=\"610\" height=\"444\" src=\"https:\/\/motormania.info\/MM\/wp-content\/uploads\/2026\/03\/Raid-AutoClassic-Ciudad-de-Alcaniz-primero-Pre80.jpg\" alt=\"Raid AutoClassic Ciudad de Alca\u00f1iz - primero Pre80\" class=\"wp-image-4432\" srcset=\"https:\/\/motormania.info\/MM\/wp-content\/uploads\/2026\/03\/Raid-AutoClassic-Ciudad-de-Alcaniz-primero-Pre80.jpg 610w, https:\/\/motormania.info\/MM\/wp-content\/uploads\/2026\/03\/Raid-AutoClassic-Ciudad-de-Alcaniz-primero-Pre80-300x218.jpg 300w, https:\/\/motormania.info\/MM\/wp-content\/uploads\/2026\/03\/Raid-AutoClassic-Ciudad-de-Alcaniz-primero-Pre80-90x65.jpg 90w\" sizes=\"auto, (max-width: 610px) 100vw, 610px\" \/><\/figure>\n<\/div>\n\n\n<p>Los participantes recorrieron en tres d\u00edas m\u00e1s de 400 kil\u00f3metros, y completaron un total de 16 tramos, situ\u00e1ndose el epicentro del raid en la Ciudad de Alca\u00f1iz. Los efectos de la lluvia ocasional sumaron inter\u00e9s a esta edici\u00f3n.\u00a0La emoci\u00f3n ya se palpaba entre los participantes en la ma\u00f1ana del viernes, en el momento de afrontar las verificaciones t\u00e9cnicas y administrativas. Todos eran conscientes que la climatolog\u00eda planteaba retos imprevisibles ante esta aventura. Un 90% de los participantes supieron lidiar con estas circunstancias y sus veh\u00edculos respondieron a las expectativas. La lluvia puso emoci\u00f3n, pero no dificultades y el terreno respondi\u00f3.<\/p>\n\n\n<div class=\"wp-block-image\">\n<figure class=\"aligncenter size-full\"><img loading=\"lazy\" decoding=\"async\" width=\"610\" height=\"436\" src=\"https:\/\/motormania.info\/MM\/wp-content\/uploads\/2026\/03\/Raid-AutoClassic-Ciudad-de-Alcaniz-VW-T2.jpg\" alt=\"Raid AutoClassic Ciudad de Alca\u00f1iz - VW T2\" class=\"wp-image-4433\" srcset=\"https:\/\/motormania.info\/MM\/wp-content\/uploads\/2026\/03\/Raid-AutoClassic-Ciudad-de-Alcaniz-VW-T2.jpg 610w, https:\/\/motormania.info\/MM\/wp-content\/uploads\/2026\/03\/Raid-AutoClassic-Ciudad-de-Alcaniz-VW-T2-300x214.jpg 300w, https:\/\/motormania.info\/MM\/wp-content\/uploads\/2026\/03\/Raid-AutoClassic-Ciudad-de-Alcaniz-VW-T2-90x65.jpg 90w\" sizes=\"auto, (max-width: 610px) 100vw, 610px\" \/><\/figure>\n<\/div>\n\n\n<p>La tercera edici\u00f3n del Raid AutoClassic Ciudad de Alca\u00f1iz ten\u00eda un componente hist\u00f3rico muy importante, como entidad de fomento de turismo. El trazado dise\u00f1ado por la organizaci\u00f3n permiti\u00f3 realizar un viaje por la historia, transitando por las proximidades de poblados \u00edberos de los siglos V y IV a.C., de villas romanas que datan del siglo I y II a.C., yacimientos del neol\u00edtico final, edad del Bronce y primera Edad del Hierro, restos visigodos del siglo VIII, periodo musulm\u00e1n e iglesias que van desde el prerrom\u00e1nico hasta la actualidad.\u00a0<\/p>\n\n\n<div class=\"wp-block-image\">\n<figure class=\"aligncenter size-full\"><img loading=\"lazy\" decoding=\"async\" width=\"610\" height=\"449\" src=\"https:\/\/motormania.info\/MM\/wp-content\/uploads\/2026\/03\/Raid-AutoClassic-Ciudad-de-Alcaniz-Citroen-2CV.jpg\" alt=\"\" class=\"wp-image-4434\" srcset=\"https:\/\/motormania.info\/MM\/wp-content\/uploads\/2026\/03\/Raid-AutoClassic-Ciudad-de-Alcaniz-Citroen-2CV.jpg 610w, https:\/\/motormania.info\/MM\/wp-content\/uploads\/2026\/03\/Raid-AutoClassic-Ciudad-de-Alcaniz-Citroen-2CV-300x221.jpg 300w, https:\/\/motormania.info\/MM\/wp-content\/uploads\/2026\/03\/Raid-AutoClassic-Ciudad-de-Alcaniz-Citroen-2CV-90x65.jpg 90w\" sizes=\"auto, (max-width: 610px) 100vw, 610px\" \/><\/figure>\n<\/div>\n\n\n<p>Adem\u00e1s de belleza paisaj\u00edstica y dificultades moderadas en la conducci\u00f3n se apost\u00f3 por promocionar la riqueza hist\u00f3rica del Bajo Arag\u00f3n y comarcas lim\u00edtrofes. En la jornada reina, el s\u00e1bado, los participantes visitaron las ruinas del pueblo viejo de Belchite, un escenario de gran valor en la historia reciente de Espa\u00f1a, que cuenta con menci\u00f3n del World Monuments Watch y que es, adem\u00e1s, uno de los Lugares M\u00e1gicos de Espa\u00f1a.<\/p>\n\n\n<div class=\"wp-block-image\">\n<figure class=\"aligncenter size-full\"><img loading=\"lazy\" decoding=\"async\" width=\"610\" height=\"451\" src=\"https:\/\/motormania.info\/MM\/wp-content\/uploads\/2026\/03\/Raid-AutoClassic-Ciudad-de-Alcaniz-segundo-general.jpg\" alt=\"Raid AutoClassic Ciudad de Alca\u00f1iz - segundo general\" class=\"wp-image-4436\" srcset=\"https:\/\/motormania.info\/MM\/wp-content\/uploads\/2026\/03\/Raid-AutoClassic-Ciudad-de-Alcaniz-segundo-general.jpg 610w, https:\/\/motormania.info\/MM\/wp-content\/uploads\/2026\/03\/Raid-AutoClassic-Ciudad-de-Alcaniz-segundo-general-300x222.jpg 300w\" sizes=\"auto, (max-width: 610px) 100vw, 610px\" \/><\/figure>\n<\/div>\n\n\n<p>Es de destacar que, en 26 de los equipos participantes, el copiloto era mujer. En un raid de regularidad hist\u00f3rica como el de Alca\u00f1iz, el par\u00e1metro que m\u00e1s se valora es el mantenimiento de la velocidad media establecida por la organizaci\u00f3n en cada tramo cronometrado, que siempre ser\u00e1 inferior a 50 km\/h. El papel del copiloto es esencial para lograr una correcta navegaci\u00f3n: a \u00e9l corresponde el seguimiento de la ruta y mantener la velocidad media. Las penalizaciones suman puntos, por lo que en un raid de regularidad gana el equipo que logre menos puntos.<\/p>\n\n\n<div class=\"wp-block-image\">\n<figure class=\"aligncenter size-full\"><img loading=\"lazy\" decoding=\"async\" width=\"610\" height=\"396\" src=\"https:\/\/motormania.info\/MM\/wp-content\/uploads\/2026\/03\/Raid-AutoClassic-Ciudad-de-Alcaniz-Peugeot-205.jpg\" alt=\"\" class=\"wp-image-4435\" srcset=\"https:\/\/motormania.info\/MM\/wp-content\/uploads\/2026\/03\/Raid-AutoClassic-Ciudad-de-Alcaniz-Peugeot-205.jpg 610w, https:\/\/motormania.info\/MM\/wp-content\/uploads\/2026\/03\/Raid-AutoClassic-Ciudad-de-Alcaniz-Peugeot-205-300x195.jpg 300w\" sizes=\"auto, (max-width: 610px) 100vw, 610px\" \/><\/figure>\n<\/div>\n\n\n<p>El <strong>Ayuntamiento de Alca\u00f1iz<\/strong> promueve el III Raid AutoClassic Ciudad de Alca\u00f1iz, que ha sido organizado por la empresa <strong>Expo Motor Events<\/strong> y la <strong>Agrupaci\u00f3n Deportiva Etc\u00e9tera<\/strong>.<\/p>\n\n\n<div class=\"wp-block-image\">\n<figure class=\"aligncenter size-full\"><img loading=\"lazy\" decoding=\"async\" width=\"610\" height=\"399\" src=\"https:\/\/motormania.info\/MM\/wp-content\/uploads\/2026\/03\/Raid-AutoClassic-Ciudad-de-Alcaniz-Tercero-general.jpg\" alt=\"Raid AutoClassic Ciudad de Alca\u00f1iz - Tercero general\" class=\"wp-image-4437\" srcset=\"https:\/\/motormania.info\/MM\/wp-content\/uploads\/2026\/03\/Raid-AutoClassic-Ciudad-de-Alcaniz-Tercero-general.jpg 610w, https:\/\/motormania.info\/MM\/wp-content\/uploads\/2026\/03\/Raid-AutoClassic-Ciudad-de-Alcaniz-Tercero-general-300x196.jpg 300w\" sizes=\"auto, (max-width: 610px) 100vw, 610px\" \/><\/figure>\n<\/div>\n\n\n<p> <\/p>\n\n\n<div class=\"wp-block-image\">\n<figure class=\"aligncenter size-full\"><img loading=\"lazy\" decoding=\"async\" width=\"610\" height=\"422\" src=\"https:\/\/motormania.info\/MM\/wp-content\/uploads\/2026\/03\/Raid-AutoClassic-Ciudad-de-Alcaniz-Volkswagen-Polo.jpg\" alt=\"Raid AutoClassic Ciudad de Alca\u00f1iz - Volkswagen Polo\" class=\"wp-image-4438\" srcset=\"https:\/\/motormania.info\/MM\/wp-content\/uploads\/2026\/03\/Raid-AutoClassic-Ciudad-de-Alcaniz-Volkswagen-Polo.jpg 610w, https:\/\/motormania.info\/MM\/wp-content\/uploads\/2026\/03\/Raid-AutoClassic-Ciudad-de-Alcaniz-Volkswagen-Polo-300x208.jpg 300w\" sizes=\"auto, (max-width: 610px) 100vw, 610px\" \/><\/figure>\n<\/div>\n\n\n<p class=\"has-text-align-right\"><strong>Texto y Fotos<\/strong>;\u00a0<strong><em>Expo Motor Events<\/em><\/strong><\/p>\n\n\n\n<p><\/p>\n","protected":false},"excerpt":{"rendered":"<p>El equipo formado por Francesc Ros Guilera y Francesc Ros Melero con su Audi A4 lograron la victoria absoluta en la clasificaci\u00f3n general del III Raid AutoClassic Ciudad de Alca\u00f1iz de regularidad hist\u00f3rica para veh\u00edculos fabricados en el siglo XX, que se celebr\u00f3 del 6[&#8230;]<\/p>\n","protected":false},"author":1,"featured_media":4431,"comment_status":"open","ping_status":"open","sticky":false,"template":"","format":"standard","meta":{"footnotes":""},"categories":[3,10],"tags":[1072,1047,1048,1057],"class_list":["post-4428","post","type-post","status-publish","format-standard","has-post-thumbnail","hentry","category-noticias","category-regularidad-y-eventos","tag-1072","tag-alacaniz","tag-expo-motor-events","tag-raid-autoclassic"],"_links":{"self":[{"href":"https:\/\/motormania.info\/MM\/wp-json\/wp\/v2\/posts\/4428","targetHints":{"allow":["GET"]}}],"collection":[{"href":"https:\/\/motormania.info\/MM\/wp-json\/wp\/v2\/posts"}],"about":[{"href":"https:\/\/motormania.info\/MM\/wp-json\/wp\/v2\/types\/post"}],"author":[{"embeddable":true,"href":"https:\/\/motormania.info\/MM\/wp-json\/wp\/v2\/users\/1"}],"replies":[{"embeddable":true,"href":"https:\/\/motormania.info\/MM\/wp-json\/wp\/v2\/comments?post=4428"}],"version-history":[{"count":3,"href":"https:\/\/motormania.info\/MM\/wp-json\/wp\/v2\/posts\/4428\/revisions"}],"predecessor-version":[{"id":4440,"href":"https:\/\/motormania.info\/MM\/wp-json\/wp\/v2\/posts\/4428\/revisions\/4440"}],"wp:featuredmedia":[{"embeddable":true,"href":"https:\/\/motormania.info\/MM\/wp-json\/wp\/v2\/media\/4431"}],"wp:attachment":[{"href":"https:\/\/motormania.info\/MM\/wp-json\/wp\/v2\/media?parent=4428"}],"wp:term":[{"taxonomy":"category","embeddable":true,"href":"https:\/\/motormania.info\/MM\/wp-json\/wp\/v2\/categories?post=4428"},{"taxonomy":"post_tag","embeddable":true,"href":"https:\/\/motormania.info\/MM\/wp-json\/wp\/v2\/tags?post=4428"}],"curies":[{"name":"wp","href":"https:\/\/api.w.org\/{rel}","templated":true}]}}