{"id":442,"date":"2003-05-08T21:49:18","date_gmt":"2003-05-08T20:49:18","guid":{"rendered":"http:\/\/motormania.info\/MM\/?p=442"},"modified":"2017-10-31T18:25:55","modified_gmt":"2017-10-31T17:25:55","slug":"renault-8-gordini-historia-y-ficha-tecnica","status":"publish","type":"post","link":"https:\/\/motormania.info\/MM\/2003\/05\/08\/renault-8-gordini-historia-y-ficha-tecnica\/","title":{"rendered":"Renault 8 Gordini. Historia y ficha t\u00e9cnica"},"content":{"rendered":"<p class=\"Estilo14\" align=\"justify\">En 1.962, mientras se realizaban los \u00faltimos ensayos antes de la presentaci\u00f3n oficial del <strong>Renault 8<\/strong>, se le encarg\u00f3 al preparador <strong>Gordini<\/strong> la concepci\u00f3n de la versi\u00f3n deportiva de este modelo. El modelo de competici\u00f3n fue presentado entre una gran expectaci\u00f3n en el sal\u00f3n de Par\u00eds de 1.964. <strong>Am\u00e9d\u00e9e Gordini<\/strong> tom\u00f3 el bloque <strong>Sierra<\/strong> del R8 y aument\u00f3 su cilindrada de 956 hasta 1.108 c.c.. Tambi\u00e9n lo dot\u00f3 de c\u00e1maras de combusti\u00f3n hemisf\u00e9ricas y una culata, con un gran <strong>GT<\/strong> inscrito, con las v\u00e1lvulas en la cabeza inclinadas en forma de V, elevando la potencia hasta los <strong>95 CV<\/strong> y convirti\u00e9ndolo en una bala capaz de alcanzar los <strong>170 km\/h<\/strong>. Pero no solo fue modificado su motor, las suspensiones dobles traseras y los cuatro frenos de disco imprim\u00edan un car\u00e1cter deportivo al coche muy distante al del modelo inicial.<\/p>\n<p class=\"Estilo14\" align=\"justify\"><img loading=\"lazy\" decoding=\"async\" class=\"size-medium aligncenter\" src=\"http:\/\/www.motormania.info\/renault026.jpg\" alt=\"Renault 8 Gordini. Vista trasera\" width=\"344\" height=\"206\" \/><\/p>\n<p class=\"Estilo14\" align=\"justify\">Este car\u00e1cter deportivo era demostrado est\u00e9ticamente. Interiormente contaba con un nuevo dise\u00f1o del salpicadero repleto de relojes indicadores y un volante deportivo Quillery. Exteriormente el exclusivo color <strong>Azul Renault, <\/strong> las dos bandas blancas que recorr\u00edan el techo y los cap\u00f3s y un logotipo de Gordini bien visible en la zaga dejaban claro que se trataba de un coche totalmente diferente al Renault 8. El R8 Gordini se consolid\u00f3 definitivamente como coche de competici\u00f3n en el Tour de C\u00f3rcega de 1.964, cuando se hizo con cuatro de los primeros cinco puestos de la clasificaci\u00f3n. En Francia existi\u00f3 tambi\u00e9n una versi\u00f3n deportiva menos radical y m\u00e1s econ\u00f3mica; el <strong>Renault 8 S.<\/strong> Montaba el mismo bloque de 1.108 c.c. pero con <strong>60 CV<\/strong> y se comercializaba de serie en color amarillo chill\u00f3n. En Espa\u00f1a, donde un Gordini era totalmente inalcanzable para el ciudadano medio, FASA cre\u00f3 su propia versi\u00f3n deportiva, <strong>Renault 8 TS<\/strong>, que cont\u00f3 tambi\u00e9n con el bloque de 1.108 c.c. pero con 56 CV DIN, aunque la publicidad de la \u00e9poca indicaba la potencia en Caballos SAE (60) para que el salto con el Gordini no fuese tan patente.<\/p>\n<p class=\"Estilo14\" align=\"justify\"><img loading=\"lazy\" decoding=\"async\" class=\"aligncenter size-medium\" src=\"http:\/\/www.motormania.info\/galeria396.JPG\" alt=\"Renault 8 Gordini. Frontal de 4 faros.\" width=\"500\" height=\"350\" \/><\/p>\n<p class=\"Estilo14\" align=\"justify\">En 1.966 la gama deportiva se complet\u00f3 con el <strong>Renault 8 Gordini 1.300<\/strong>, que se distingu\u00eda f\u00e1cilmente del modelo anterior por su frontal de cuatro faros. Adem\u00e1s del aumento de cilindrada, la sustituci\u00f3n de los dos carburadores Solex por unos Weber de doble cuerpo hizo que la potencia se elevase hasta los <strong>103 CV<\/strong>. Este aumento de potencia apenas elev\u00f3 su velocidad punta en 5 km\/h, pero mejor\u00f3 las aceleraciones terriblemente.<\/p>\n<p class=\"Estilo14\" align=\"justify\"><img loading=\"lazy\" decoding=\"async\" class=\"size-medium aligncenter\" src=\"http:\/\/www.motormania.info\/renault027.jpg\" alt=\"Renault 8 Gordini. Franjas blancas.\" width=\"336\" height=\"266\" \/><\/p>\n<p class=\"Estilo14\" align=\"justify\">Gordini tambi\u00e9n puso a la venta en los concesionarios Renault un <strong>kit de potenciaci\u00f3n<\/strong> que convert\u00eda el motor de 1.255 c.c. en uno de <strong>1.296 c.c.<\/strong> totalmente enfocado a la competici\u00f3n. El 1.300 goz\u00f3 de algunas peculiaridades como un dep\u00f3sito extra de gasolina de 25 litros situado en el vano delantero que, adem\u00e1s de equilibrar el reparto de masas, ampliaba notablemente la autonom\u00eda del Gordini.<\/p>\n<p><iframe loading=\"lazy\" frameborder=\"0\" width=\"840\" height=\"630\" src=\"https:\/\/www.dailymotion.com\/embed\/video\/x671w7k\" allowfullscreen><\/iframe><\/p>\n<p class=\"Estilo14\" align=\"justify\">Fue en 1.970, despu\u00e9s de <strong>11.600 unidades fabricadas<\/strong> cuando se puso fin a la producci\u00f3n del R8 Gordini para dar paso a su sustituto, el <strong>Renault 12 Gordini<\/strong>, que desarrollaba un nuevo concepto de tracci\u00f3n delantera.<\/p>\n<p class=\"Estilo14\" align=\"justify\"><img loading=\"lazy\" decoding=\"async\" class=\"size-medium aligncenter\" src=\"http:\/\/www.motormania.info\/galeria465.JPG\" alt=\"Renault 12 Gordini. Vista frontal\" width=\"460\" height=\"321\" \/><\/p>\n<p class=\"Estilo14\" style=\"text-align: center;\" align=\"justify\"><strong>FICHA T\u00c9CNICA<\/strong><\/p>\n<table border=\"4\" width=\"501\" cellspacing=\"2\" bgcolor=\"#ffffcc\">\n<tbody>\n<tr class=\"Estilo18\" bgcolor=\"#FF9900\">\n<td colspan=\"3\" bgcolor=\"#CCCCCC\">\n<div class=\"Estilo25\" align=\"center\">\n<div align=\"center\"><strong>Motor<\/strong><\/div>\n<\/div>\n<\/td>\n<\/tr>\n<tr class=\"Estilo18\" bgcolor=\"#FFCC00\">\n<td bgcolor=\"#FFFFFF\" width=\"123\">\n<div class=\"Estilo25\" align=\"center\">Tipo<\/div>\n<\/td>\n<td colspan=\"2\" bgcolor=\"#FFFFFF\">\n<div class=\"Estilo25\" align=\"center\">Trasero logitudinal de 4 cilindros en l\u00ednea.<\/div>\n<\/td>\n<\/tr>\n<tr class=\"Estilo18\" bgcolor=\"#FFCC00\">\n<td bgcolor=\"#FFFFFF\">\n<div class=\"Estilo25\" align=\"center\">Cilindrada<\/div>\n<\/td>\n<td bgcolor=\"#FFFFFF\" width=\"175\">\n<div class=\"Estilo25\" align=\"center\">1.108 c.c.<\/div>\n<\/td>\n<td bgcolor=\"#FFFFFF\" width=\"175\">\n<div class=\"Estilo25\" align=\"center\">1.255 c.c.<\/div>\n<\/td>\n<\/tr>\n<tr class=\"Estilo18\" bgcolor=\"#FFCC00\">\n<td bgcolor=\"#FFFFFF\">\n<div class=\"Estilo25\" align=\"center\">Di\u00e1metro x carrera<\/div>\n<\/td>\n<td bgcolor=\"#FFFFFF\">\n<div class=\"Estilo25\" align=\"center\">70 x 72 mm<\/div>\n<\/td>\n<td bgcolor=\"#FFFFFF\">\n<div class=\"Estilo25\" align=\"center\">74,5 x 72 mm<\/div>\n<\/td>\n<\/tr>\n<tr class=\"Estilo18\" bgcolor=\"#FFCC00\">\n<td bgcolor=\"#FFFFFF\">\n<div class=\"Estilo25\" align=\"center\">Alimentaci\u00f3n<\/div>\n<\/td>\n<td bgcolor=\"#FFFFFF\">\n<div class=\"Estilo25\" align=\"center\">2 carburadores Solex<\/div>\n<\/td>\n<td bgcolor=\"#FFFFFF\">\n<div class=\"Estilo25\" align=\"center\">2 carburadores Weber 40 DCOE<\/div>\n<\/td>\n<\/tr>\n<tr class=\"Estilo18\" bgcolor=\"#FFCC00\">\n<td bgcolor=\"#FFFFFF\">\n<div class=\"Estilo25\" align=\"center\">Par m\u00e1ximo<\/div>\n<\/td>\n<td bgcolor=\"#FFFFFF\">\n<div class=\"Estilo25\" align=\"center\">10 kg\u00b7m<\/div>\n<\/td>\n<td bgcolor=\"#FFFFFF\">\n<div class=\"Estilo25\" align=\"center\">11,9 kg\u00b7m a 5.000 rpm<\/div>\n<\/td>\n<\/tr>\n<tr class=\"Estilo18\" bgcolor=\"#FFCC00\">\n<td bgcolor=\"#FFFFFF\">\n<div class=\"Estilo25\" align=\"center\">Potencia m\u00e1xima<\/div>\n<\/td>\n<td bgcolor=\"#FFFFFF\">\n<div class=\"Estilo25\" align=\"center\">93 CV<\/div>\n<\/td>\n<td bgcolor=\"#FFFFFF\">\n<div class=\"Estilo25\" align=\"center\">103 CV a 6.750 rpm<\/div>\n<\/td>\n<\/tr>\n<tr class=\"Estilo18\" bgcolor=\"#FF9900\">\n<td colspan=\"3\" bgcolor=\"#CCCCCC\">\n<div class=\"Estilo25\" align=\"center\"><strong>Transmisi\u00f3n<\/strong><\/div>\n<\/td>\n<\/tr>\n<tr class=\"Estilo18\" bgcolor=\"#FFCC00\">\n<td bgcolor=\"#FFFFFF\">\n<div class=\"Estilo25\" align=\"center\">Tipo<\/div>\n<\/td>\n<td colspan=\"2\" bgcolor=\"#FFFFFF\">\n<div class=\"Estilo25\" align=\"center\">Propulsi\u00f3n Trasera<\/div>\n<\/td>\n<\/tr>\n<tr class=\"Estilo18\" bgcolor=\"#FFCC00\">\n<td bgcolor=\"#FFFFFF\">\n<div class=\"Estilo25\" align=\"center\">Cambio<\/div>\n<\/td>\n<td colspan=\"2\" bgcolor=\"#FFFFFF\">\n<div class=\"Estilo25\" align=\"center\">Manual de 5 relaciones<\/div>\n<\/td>\n<\/tr>\n<tr class=\"Estilo18\" bgcolor=\"#FF9900\">\n<td colspan=\"3\" bgcolor=\"#CCCCCC\">\n<div class=\"Estilo25\" align=\"center\"><strong>Suspensi\u00f3n<\/strong><\/div>\n<\/td>\n<\/tr>\n<tr class=\"Estilo18\" bgcolor=\"#FFCC00\">\n<td bgcolor=\"#FFFFFF\">\n<div class=\"Estilo25\" align=\"center\">Delantera<\/div>\n<\/td>\n<td colspan=\"2\" bgcolor=\"#FFFFFF\">\n<div class=\"Estilo25\" align=\"center\">Brazos triangulares superpuestos formando paralelogramo deformable. Muelles helicoidales y amortiguadores hidr\u00e1ulicos telesc\u00f3picos conc\u00e9ntricos. Barra estabilizadora<\/div>\n<\/td>\n<\/tr>\n<tr class=\"Estilo18\" bgcolor=\"#FFCC00\">\n<td bgcolor=\"#FFFFFF\">\n<div class=\"Estilo25\" align=\"center\">Trasera<\/div>\n<\/td>\n<td colspan=\"2\" bgcolor=\"#FFFFFF\">\n<div class=\"Estilo25\" align=\"center\">Semiejes oscilantes y brazos de reacci\u00f3n diagonales. Doble juego de muelles helicoidales y amortiguadores hidr\u00e1ulicos telesc\u00f3picos<\/div>\n<\/td>\n<\/tr>\n<tr class=\"Estilo18\" bgcolor=\"#FF9900\">\n<td colspan=\"3\" bgcolor=\"#CCCCCC\">\n<div class=\"Estilo25\" align=\"center\"><strong>Frenos<\/strong><\/div>\n<\/td>\n<\/tr>\n<tr class=\"Estilo18\" bgcolor=\"#FFCC00\">\n<td bgcolor=\"#FFFFFF\">\n<div class=\"Estilo25\" align=\"center\">Delanteros<\/div>\n<\/td>\n<td colspan=\"2\" bgcolor=\"#FFFFFF\">\n<div class=\"Estilo25\" align=\"center\">Discos 261 mm<\/div>\n<\/td>\n<\/tr>\n<tr class=\"Estilo18\" bgcolor=\"#FFCC00\">\n<td bgcolor=\"#FFFFFF\">\n<div class=\"Estilo25\" align=\"center\">Traseros<\/div>\n<\/td>\n<td colspan=\"2\" bgcolor=\"#FFFFFF\">\n<div class=\"Estilo25\" align=\"center\">Discos 261 mm<\/div>\n<\/td>\n<\/tr>\n<tr class=\"Estilo18\" bgcolor=\"#FF9900\">\n<td colspan=\"3\" bgcolor=\"#CCCCCC\">\n<div class=\"Estilo25\" align=\"center\"><strong>Dimensiones<\/strong><\/div>\n<\/td>\n<\/tr>\n<tr class=\"Estilo18\" bgcolor=\"#FFCC00\">\n<td bgcolor=\"#FFFFFF\" height=\"23\">\n<div class=\"Estilo25\" align=\"center\">Largo<\/div>\n<\/td>\n<td colspan=\"2\" bgcolor=\"#FFFFFF\">\n<div class=\"Estilo25\" align=\"center\">3.995 mm<\/div>\n<\/td>\n<\/tr>\n<tr class=\"Estilo18\" bgcolor=\"#FFCC00\">\n<td bgcolor=\"#FFFFFF\">\n<div class=\"Estilo25\" align=\"center\">Ancho<\/div>\n<\/td>\n<td colspan=\"2\" bgcolor=\"#FFFFFF\">\n<div class=\"Estilo25\" align=\"center\">1.490 mm<\/div>\n<\/td>\n<\/tr>\n<tr class=\"Estilo18\" bgcolor=\"#FFCC00\">\n<td bgcolor=\"#FFFFFF\">\n<div class=\"Estilo25\" align=\"center\">Alto<\/div>\n<\/td>\n<td colspan=\"2\" bgcolor=\"#FFFFFF\">\n<div class=\"Estilo25\" align=\"center\">1.380 mm<\/div>\n<\/td>\n<\/tr>\n<tr class=\"Estilo18\" bgcolor=\"#FFCC00\">\n<td bgcolor=\"#FFFFFF\">\n<div class=\"Estilo25\" align=\"center\">Batalla<\/div>\n<\/td>\n<td colspan=\"2\" bgcolor=\"#FFFFFF\">\n<div class=\"Estilo25\" align=\"center\">2.270 mm<\/div>\n<\/td>\n<\/tr>\n<tr class=\"Estilo18\" bgcolor=\"#FFCC00\">\n<td bgcolor=\"#FFFFFF\">\n<div class=\"Estilo25\" align=\"center\">V\u00eda delantera<\/div>\n<\/td>\n<td colspan=\"2\" bgcolor=\"#FFFFFF\">\n<div class=\"Estilo25\" align=\"center\">1.256 mm<\/div>\n<\/td>\n<\/tr>\n<tr class=\"Estilo18\" bgcolor=\"#FFCC00\">\n<td bgcolor=\"#FFFFFF\">\n<div class=\"Estilo25\" align=\"center\">V\u00eda trasera<\/div>\n<\/td>\n<td colspan=\"2\" bgcolor=\"#FFFFFF\">\n<div class=\"Estilo25\" align=\"center\">1.256 mm<\/div>\n<\/td>\n<\/tr>\n<tr class=\"Estilo18\" bgcolor=\"#FFCC00\">\n<td bgcolor=\"#FFFFFF\">\n<div class=\"Estilo25\" align=\"center\">Peso<\/div>\n<\/td>\n<td bgcolor=\"#FFFFFF\">\n<div class=\"Estilo25\" align=\"center\">795 kg<\/div>\n<\/td>\n<td bgcolor=\"#FFFFFF\">\n<div class=\"Estilo25\" align=\"center\">855 kg<\/div>\n<\/td>\n<\/tr>\n<tr class=\"Estilo18\" bgcolor=\"#FF9900\">\n<td colspan=\"3\" bgcolor=\"#CCCCCC\">\n<div class=\"Estilo25\" align=\"center\"><strong>Prestaciones<\/strong><\/div>\n<\/td>\n<\/tr>\n<tr class=\"Estilo18\" bgcolor=\"#FFCC00\">\n<td bgcolor=\"#FFFFFF\">\n<div class=\"Estilo25\" align=\"center\">Velocidad m\u00e1x.<\/div>\n<\/td>\n<td bgcolor=\"#FFFFFF\">\n<div class=\"Estilo25\" align=\"center\">170 km\/h<\/div>\n<\/td>\n<td bgcolor=\"#FFFFFF\">\n<div class=\"Estilo25\" align=\"center\">175 km\/h<\/div>\n<\/td>\n<\/tr>\n<\/tbody>\n<\/table>\n","protected":false},"excerpt":{"rendered":"<p>En 1.962, mientras se realizaban los \u00faltimos ensayos antes de la presentaci\u00f3n oficial del Renault 8, se le encarg\u00f3 al preparador Gordini la concepci\u00f3n de la versi\u00f3n deportiva de este modelo. El modelo de competici\u00f3n fue presentado entre una gran expectaci\u00f3n en el sal\u00f3n de[&#8230;]<\/p>\n","protected":false},"author":1,"featured_media":445,"comment_status":"open","ping_status":"open","sticky":false,"template":"","format":"standard","meta":{"footnotes":""},"categories":[4,5],"tags":[193,194,191,19,190,192],"class_list":["post-442","post","type-post","status-publish","format-standard","has-post-thumbnail","hentry","category-rep-pru","category-videos","tag-193","tag-194","tag-gordini","tag-renault","tag-renault-8","tag-s"],"_links":{"self":[{"href":"https:\/\/motormania.info\/MM\/wp-json\/wp\/v2\/posts\/442","targetHints":{"allow":["GET"]}}],"collection":[{"href":"https:\/\/motormania.info\/MM\/wp-json\/wp\/v2\/posts"}],"about":[{"href":"https:\/\/motormania.info\/MM\/wp-json\/wp\/v2\/types\/post"}],"author":[{"embeddable":true,"href":"https:\/\/motormania.info\/MM\/wp-json\/wp\/v2\/users\/1"}],"replies":[{"embeddable":true,"href":"https:\/\/motormania.info\/MM\/wp-json\/wp\/v2\/comments?post=442"}],"version-history":[{"count":8,"href":"https:\/\/motormania.info\/MM\/wp-json\/wp\/v2\/posts\/442\/revisions"}],"predecessor-version":[{"id":1664,"href":"https:\/\/motormania.info\/MM\/wp-json\/wp\/v2\/posts\/442\/revisions\/1664"}],"wp:featuredmedia":[{"embeddable":true,"href":"https:\/\/motormania.info\/MM\/wp-json\/wp\/v2\/media\/445"}],"wp:attachment":[{"href":"https:\/\/motormania.info\/MM\/wp-json\/wp\/v2\/media?parent=442"}],"wp:term":[{"taxonomy":"category","embeddable":true,"href":"https:\/\/motormania.info\/MM\/wp-json\/wp\/v2\/categories?post=442"},{"taxonomy":"post_tag","embeddable":true,"href":"https:\/\/motormania.info\/MM\/wp-json\/wp\/v2\/tags?post=442"}],"curies":[{"name":"wp","href":"https:\/\/api.w.org\/{rel}","templated":true}]}}