{"id":4413,"date":"2026-03-06T17:31:23","date_gmt":"2026-03-06T16:31:23","guid":{"rendered":"https:\/\/motormania.info\/MM\/?p=4413"},"modified":"2026-03-06T23:22:33","modified_gmt":"2026-03-06T22:22:33","slug":"porsche-911-cup-2026","status":"publish","type":"post","link":"https:\/\/motormania.info\/MM\/2026\/03\/06\/porsche-911-cup-2026\/","title":{"rendered":"Porsche 911 Cup 2026"},"content":{"rendered":"\n<p>El pasado 2 de marzo tuvo lugar en el Circuit de Barcelona-Catalunya (Montmel\u00f3) la entrega de los Nuevos <strong><a href=\"https:\/\/motormania.info\/MM\/2013\/04\/30\/porsche-911-901-1a-generacion-historia-y-ficha-tecnica\/\" data-type=\"post\" data-id=\"1350\" target=\"_blank\" rel=\"noreferrer noopener\">Porsche 911<\/a> Cup<\/strong> a los equipos europeos que participar\u00e1n en la <strong>Porsche Mobil 1 Supercup<\/strong>. La jornada incluy\u00f3 unos test en el circuito en los que los 46 veh\u00edculos entregados en Barcelona dieron m\u00e1s de 2300 vueltas al trazado, algunas de ellas en un tiempo inferior al de la vuelta r\u00e1pida de la temporada 2025.<\/p>\n\n\n<div class=\"wp-block-image\">\n<figure class=\"aligncenter size-full\"><img loading=\"lazy\" decoding=\"async\" width=\"610\" height=\"361\" src=\"https:\/\/motormania.info\/MM\/wp-content\/uploads\/2026\/03\/331087_1920x1280-1.jpg\" alt=\"Porsche 911 Cup 2026\" class=\"wp-image-4418\" srcset=\"https:\/\/motormania.info\/MM\/wp-content\/uploads\/2026\/03\/331087_1920x1280-1.jpg 610w, https:\/\/motormania.info\/MM\/wp-content\/uploads\/2026\/03\/331087_1920x1280-1-300x178.jpg 300w\" sizes=\"auto, (max-width: 610px) 100vw, 610px\" \/><\/figure>\n<\/div>\n\n\n<p>Basado en el <strong><a href=\"https:\/\/motormania.info\/MM\/2013\/05\/16\/porsche-911-930-2a-generacion-historia-y-ficha-tecncia\/\" data-type=\"post\" data-id=\"679\" target=\"_blank\" rel=\"noreferrer noopener\">Porsche 911<\/a> GT3<\/strong> de calle de la generaci\u00f3n 992.2, el nuevo 911 Cup eleva la potencia del bloque boxer de 6 cilindros atmosf\u00e9rico de 4 litros hasta los <strong>520 CV<\/strong> (10 CV m\u00e1s que en la versi\u00f3n anterior) e incluye discos de freno de mayor tama\u00f1o en el eje delantero unidos a un sistema ABS de competici\u00f3n, para que las pasadas de frenada no supongan un problema. Una nueva y mejorada aerodin\u00e1mica se encarga de mantenerlo pegado al suelo.<\/p>\n\n\n<div class=\"wp-block-image\">\n<figure class=\"aligncenter size-full\"><img loading=\"lazy\" decoding=\"async\" width=\"610\" height=\"381\" src=\"https:\/\/motormania.info\/MM\/wp-content\/uploads\/2026\/03\/331085_1920x1280-1.jpg\" alt=\"Porsche 911 Cup 2026\" class=\"wp-image-4419\" srcset=\"https:\/\/motormania.info\/MM\/wp-content\/uploads\/2026\/03\/331085_1920x1280-1.jpg 610w, https:\/\/motormania.info\/MM\/wp-content\/uploads\/2026\/03\/331085_1920x1280-1-300x187.jpg 300w\" sizes=\"auto, (max-width: 610px) 100vw, 610px\" \/><\/figure>\n<\/div>\n\n\n<p>El de Barcelona fue el \u00faltimo de los lotes entregados y completaba la serie de 120 veh\u00edculos que durante 2026 competir\u00e1n en las diferentes copas monomarca a lo largo y ancho del globo. En Europa, la <strong>Porsche 911 Mobil 1 Supercup<\/strong> seguir\u00e1 ligada al calendario de Formula 1, siendo la primera cita en M\u00f3naco la primera semana de Junio.<\/p>\n\n\n<div class=\"wp-block-image\">\n<figure class=\"aligncenter size-full\"><img loading=\"lazy\" decoding=\"async\" width=\"610\" height=\"392\" src=\"https:\/\/motormania.info\/MM\/wp-content\/uploads\/2026\/03\/331089_1920x1280-1.jpg\" alt=\"Porsche 911 Cup 2026\" class=\"wp-image-4420\" srcset=\"https:\/\/motormania.info\/MM\/wp-content\/uploads\/2026\/03\/331089_1920x1280-1.jpg 610w, https:\/\/motormania.info\/MM\/wp-content\/uploads\/2026\/03\/331089_1920x1280-1-300x193.jpg 300w\" sizes=\"auto, (max-width: 610px) 100vw, 610px\" \/><\/figure>\n<\/div>\n\n\n<h3 class=\"wp-block-heading\">Calendario Porsche Mobil 1 Supercup 2026<\/h3>\n\n\n\n<p>4-7 de junio \u2013 Gran Premio de M\u00f3naco, Montecarlo<br>12-14 de junio \u2013 Gran Premio de Espa\u00f1a, Barcelona<br>26-28 de junio \u2013 Gran Premio de Austria, Spielberg<br>17-19 de julio \u2013 Gran Premio de B\u00e9lgica, Spa-Francorchamps<br>24-26 de julio \u2013 Gran Premio de Hungr\u00eda, Budapest<br>21-23 de agosto \u2013 Gran Premio de los Pa\u00edses Bajos, Zandvoort (doble carrera)<br>4-6 de septiembre \u2013 Gran Premio de Italia, Monza<\/p>\n\n\n<div class=\"wp-block-image\">\n<figure class=\"aligncenter size-full\"><img loading=\"lazy\" decoding=\"async\" width=\"610\" height=\"394\" src=\"https:\/\/motormania.info\/MM\/wp-content\/uploads\/2026\/03\/331084_1920x1280-1.jpg\" alt=\"Porsche Mobil 1 Supercup 2026\" class=\"wp-image-4421\" srcset=\"https:\/\/motormania.info\/MM\/wp-content\/uploads\/2026\/03\/331084_1920x1280-1.jpg 610w, https:\/\/motormania.info\/MM\/wp-content\/uploads\/2026\/03\/331084_1920x1280-1-300x194.jpg 300w\" sizes=\"auto, (max-width: 610px) 100vw, 610px\" \/><\/figure>\n<\/div>\n\n\n<p class=\"has-text-align-right\"><em>Fotos; <strong><a href=\"https:\/\/newsroom.porsche.com\/es_ES\/competicion\/2026\/presentacion-barcelona-911-cup-2026-41822.html\" target=\"_blank\" rel=\"noreferrer noopener nofollow\">porsche.com<\/a><\/strong><\/em><\/p>\n\n\n\n<p><\/p>\n","protected":false},"excerpt":{"rendered":"<p>El pasado 2 de marzo tuvo lugar en el Circuit de Barcelona-Catalunya (Montmel\u00f3) la entrega de los Nuevos Porsche 911 Cup a los equipos europeos que participar\u00e1n en la Porsche Mobil 1 Supercup. La jornada incluy\u00f3 unos test en el circuito en los que los[&#8230;]<\/p>\n","protected":false},"author":1,"featured_media":4415,"comment_status":"open","ping_status":"open","sticky":false,"template":"","format":"standard","meta":{"footnotes":""},"categories":[1,3],"tags":[1078,266,334],"class_list":["post-4413","post","type-post","status-publish","format-standard","has-post-thumbnail","hentry","category-competicion","category-noticias","tag-mobil-1","tag-porsche","tag-porsche-911"],"_links":{"self":[{"href":"https:\/\/motormania.info\/MM\/wp-json\/wp\/v2\/posts\/4413","targetHints":{"allow":["GET"]}}],"collection":[{"href":"https:\/\/motormania.info\/MM\/wp-json\/wp\/v2\/posts"}],"about":[{"href":"https:\/\/motormania.info\/MM\/wp-json\/wp\/v2\/types\/post"}],"author":[{"embeddable":true,"href":"https:\/\/motormania.info\/MM\/wp-json\/wp\/v2\/users\/1"}],"replies":[{"embeddable":true,"href":"https:\/\/motormania.info\/MM\/wp-json\/wp\/v2\/comments?post=4413"}],"version-history":[{"count":5,"href":"https:\/\/motormania.info\/MM\/wp-json\/wp\/v2\/posts\/4413\/revisions"}],"predecessor-version":[{"id":4426,"href":"https:\/\/motormania.info\/MM\/wp-json\/wp\/v2\/posts\/4413\/revisions\/4426"}],"wp:featuredmedia":[{"embeddable":true,"href":"https:\/\/motormania.info\/MM\/wp-json\/wp\/v2\/media\/4415"}],"wp:attachment":[{"href":"https:\/\/motormania.info\/MM\/wp-json\/wp\/v2\/media?parent=4413"}],"wp:term":[{"taxonomy":"category","embeddable":true,"href":"https:\/\/motormania.info\/MM\/wp-json\/wp\/v2\/categories?post=4413"},{"taxonomy":"post_tag","embeddable":true,"href":"https:\/\/motormania.info\/MM\/wp-json\/wp\/v2\/tags?post=4413"}],"curies":[{"name":"wp","href":"https:\/\/api.w.org\/{rel}","templated":true}]}}