{"id":4116,"date":"2025-04-27T21:12:21","date_gmt":"2025-04-27T20:12:21","guid":{"rendered":"http:\/\/motormania.info\/MM\/?p=4116"},"modified":"2025-04-27T21:12:23","modified_gmt":"2025-04-27T20:12:23","slug":"subida-a-vega-de-espinareda-2025-13a-edicion","status":"publish","type":"post","link":"https:\/\/motormania.info\/MM\/2025\/04\/27\/subida-a-vega-de-espinareda-2025-13a-edicion\/","title":{"rendered":"Subida a Vega de Espinareda 2025 (13\u00aa edici\u00f3n)"},"content":{"rendered":"\n<p>Haciendo cumplir los pron\u00f3sticos, el asturiano <strong>Gabriel Guti\u00e9rrez-Siegrist <\/strong>(<strong>Tatuus F3000<\/strong>) se ha impuesto en la <strong>XIII Subida a Vega de Espinareda<\/strong>, segunda prueba del calendario del Campeonato de Castilla y Le\u00f3n de Monta\u00f1a. Con un tiempo de 1\u00b440&#8243; 80 logrado en la primera ascensi\u00f3n, ha conseguido una victoria holgada ante la imponente <strong>Norma M20F<\/strong> del debutante en la prueba <strong>Jairo Pesquera<\/strong>.<\/p>\n\n\n<div class=\"wp-block-image\">\n<figure class=\"aligncenter size-full\"><img loading=\"lazy\" decoding=\"async\" width=\"610\" height=\"392\" src=\"http:\/\/motormania.info\/MM\/wp-content\/uploads\/2025\/04\/Conrado-Fernandez.jpg\" alt=\"\" class=\"wp-image-4121\" srcset=\"https:\/\/motormania.info\/MM\/wp-content\/uploads\/2025\/04\/Conrado-Fernandez.jpg 610w, https:\/\/motormania.info\/MM\/wp-content\/uploads\/2025\/04\/Conrado-Fernandez-300x193.jpg 300w\" sizes=\"auto, (max-width: 610px) 100vw, 610px\" \/><\/figure>\n<\/div>\n\n\n<p>En turismos <strong>Emilio \u00c1lvarez<\/strong> (<strong>Mitsubishi Evo IX<\/strong>) ha logrado una meritoria victoria ante un plantel de carrozados de \u00e9lite. Con un crono de 1\u00b449&#8243;41 en la \u00faltima manga ha terminado por delante de una leyenda como <strong>Roberto M\u00e9ndez <\/strong>(<strong><a href=\"http:\/\/motormania.info\/MM\/2008\/07\/20\/ford-fiesta-mki-historia-y-ficha-tecnica\/\" data-type=\"post\" data-id=\"287\">Ford Fiesta<\/a> N5<\/strong>), que al no entrar en el parque cerrado ha cedido su posici\u00f3n al <strong>Cupra TCR <\/strong>de <strong>Antonio Corujo<\/strong>, seguidos ambos por el <strong>Opel Astra Kit <\/strong>Car de <strong>F\u00e9lix Mac\u00edas<\/strong>.<\/p>\n\n\n<div class=\"wp-block-image\">\n<figure class=\"aligncenter size-full\"><img loading=\"lazy\" decoding=\"async\" width=\"610\" height=\"350\" src=\"http:\/\/motormania.info\/MM\/wp-content\/uploads\/2025\/04\/Roberto-Mendez.jpg\" alt=\"\" class=\"wp-image-4123\" srcset=\"https:\/\/motormania.info\/MM\/wp-content\/uploads\/2025\/04\/Roberto-Mendez.jpg 610w, https:\/\/motormania.info\/MM\/wp-content\/uploads\/2025\/04\/Roberto-Mendez-300x172.jpg 300w\" sizes=\"auto, (max-width: 610px) 100vw, 610px\" \/><\/figure>\n<\/div>\n\n\n<p>La carrera se desarroll\u00f3 sin incidencias m\u00e1s all\u00e1 de la mera mec\u00e1nica, con mucho p\u00fablico en una tarde id\u00f3nea para el automovilismo. El Ayuntamiento de Vega de Espinareda y M\u00e9dula Sport agradecen a pilotos y colaboradores su contribuci\u00f3n a la que ha sido la mejor Subida a Vega de la historia, con una inscripci\u00f3n magn\u00edfica en la que destacaban el debut de Mustang de la UCAV o cl\u00e1sicos del Noroeste como <strong>Juanjo Abia<\/strong>.<\/p>\n\n\n<div class=\"wp-block-image\">\n<figure class=\"aligncenter size-full\"><img loading=\"lazy\" decoding=\"async\" width=\"610\" height=\"351\" src=\"http:\/\/motormania.info\/MM\/wp-content\/uploads\/2025\/04\/Antonio-Corujo-2-1.jpg\" alt=\"\" class=\"wp-image-4124\" srcset=\"https:\/\/motormania.info\/MM\/wp-content\/uploads\/2025\/04\/Antonio-Corujo-2-1.jpg 610w, https:\/\/motormania.info\/MM\/wp-content\/uploads\/2025\/04\/Antonio-Corujo-2-1-300x173.jpg 300w\" sizes=\"auto, (max-width: 610px) 100vw, 610px\" \/><\/figure>\n<\/div>\n\n\n<p class=\"has-text-align-right\">Texto y fotos; <em><strong>M\u00e9dula Sport<\/strong><\/em><\/p>\n","protected":false},"excerpt":{"rendered":"<p>Haciendo cumplir los pron\u00f3sticos, el asturiano Gabriel Guti\u00e9rrez-Siegrist (Tatuus F3000) se ha impuesto en la XIII Subida a Vega de Espinareda, segunda prueba del calendario del Campeonato de Castilla y Le\u00f3n de Monta\u00f1a. Con un tiempo de 1\u00b440&#8243; 80 logrado en la primera ascensi\u00f3n, ha[&#8230;]<\/p>\n","protected":false},"author":1,"featured_media":4120,"comment_status":"open","ping_status":"open","sticky":false,"template":"","format":"standard","meta":{"footnotes":""},"categories":[1,3],"tags":[1050,1058,1008,1059,1009],"class_list":["post-4116","post","type-post","status-publish","format-standard","has-post-thumbnail","hentry","category-competicion","category-noticias","tag-1050","tag-abriel-gutierrez-siegrist","tag-medula-sport","tag-tatuus-f3000","tag-vega-de-espinareda"],"_links":{"self":[{"href":"https:\/\/motormania.info\/MM\/wp-json\/wp\/v2\/posts\/4116","targetHints":{"allow":["GET"]}}],"collection":[{"href":"https:\/\/motormania.info\/MM\/wp-json\/wp\/v2\/posts"}],"about":[{"href":"https:\/\/motormania.info\/MM\/wp-json\/wp\/v2\/types\/post"}],"author":[{"embeddable":true,"href":"https:\/\/motormania.info\/MM\/wp-json\/wp\/v2\/users\/1"}],"replies":[{"embeddable":true,"href":"https:\/\/motormania.info\/MM\/wp-json\/wp\/v2\/comments?post=4116"}],"version-history":[{"count":6,"href":"https:\/\/motormania.info\/MM\/wp-json\/wp\/v2\/posts\/4116\/revisions"}],"predecessor-version":[{"id":4489,"href":"https:\/\/motormania.info\/MM\/wp-json\/wp\/v2\/posts\/4116\/revisions\/4489"}],"wp:featuredmedia":[{"embeddable":true,"href":"https:\/\/motormania.info\/MM\/wp-json\/wp\/v2\/media\/4120"}],"wp:attachment":[{"href":"https:\/\/motormania.info\/MM\/wp-json\/wp\/v2\/media?parent=4116"}],"wp:term":[{"taxonomy":"category","embeddable":true,"href":"https:\/\/motormania.info\/MM\/wp-json\/wp\/v2\/categories?post=4116"},{"taxonomy":"post_tag","embeddable":true,"href":"https:\/\/motormania.info\/MM\/wp-json\/wp\/v2\/tags?post=4116"}],"curies":[{"name":"wp","href":"https:\/\/api.w.org\/{rel}","templated":true}]}}