{"id":4104,"date":"2025-03-25T19:18:58","date_gmt":"2025-03-25T18:18:58","guid":{"rendered":"http:\/\/motormania.info\/MM\/?p=4104"},"modified":"2025-03-25T19:19:00","modified_gmt":"2025-03-25T18:19:00","slug":"raid-autoclassic-ciudad-de-alcaniz-2025-2a-edicion","status":"publish","type":"post","link":"https:\/\/motormania.info\/MM\/2025\/03\/25\/raid-autoclassic-ciudad-de-alcaniz-2025-2a-edicion\/","title":{"rendered":"Raid AutoClassic-Ciudad de Alca\u00f1iz 2025 (2\u00aa edici\u00f3n)"},"content":{"rendered":"\n<p>Barro, polvo, agua, viento y hasta nieve\u2026los participantes en la segunda edici\u00f3n del <strong>Raid AutoClassic-Ciudad de Alca\u00f1iz<\/strong> se enfrentaron con entusiasmo a los elementos, durante tres jornadas, sobre un trazado que super\u00f3 los 500 kil\u00f3metros y que se extendi\u00f3 por cinco comarcas de la provincia de Teruel. Del 21 al 23 de marzo se disput\u00f3 esta prueba de regularidad para veh\u00edculos de cualquier tipo de tracci\u00f3n fabricados en el siglo XX y en la que participaron un centenar de equipos. Los guipuzcoanos <strong>Jes\u00fas M\u00aa Altuna Zubiaurre<\/strong> y <strong>Eider Altuna N\u00fa\u00f1ez<\/strong>, a los mandos de un <strong><a rel=\"noreferrer noopener\" href=\"http:\/\/motormania.info\/MM\/2006\/07\/02\/fiat-panda-4x4-trekking-historia-y-fotos\/\" data-type=\"post\" data-id=\"755\" target=\"_blank\">Fiat Panda 4&#215;4<\/a><\/strong>, se alzaron con la victoria absoluta en la clasificaci\u00f3n general de esta segunda edici\u00f3n del raid. En la categor\u00eda Pre80, el equipo formado por <strong>Antonio Mercadal <\/strong>y <strong>Gabriel Lliteras<\/strong>, procedentes de Mallorca, lograron con su <a href=\"http:\/\/motormania.info\/MM\/2003\/06\/11\/renault-5-historia-y-ficha-tecnica\/\" data-type=\"post\" data-id=\"449\">Renault 5 <\/a>subirse a lo m\u00e1s alto del p\u00f3dium.\u00a0<\/p>\n\n\n<div class=\"wp-block-image\">\n<figure class=\"aligncenter size-full\"><img loading=\"lazy\" decoding=\"async\" width=\"610\" height=\"420\" src=\"http:\/\/motormania.info\/MM\/wp-content\/uploads\/2025\/03\/Raid-Ciudad-de-Alcaniz-2025-Ganador-general-coche.jpg\" alt=\"\" class=\"wp-image-4107\" srcset=\"https:\/\/motormania.info\/MM\/wp-content\/uploads\/2025\/03\/Raid-Ciudad-de-Alcaniz-2025-Ganador-general-coche.jpg 610w, https:\/\/motormania.info\/MM\/wp-content\/uploads\/2025\/03\/Raid-Ciudad-de-Alcaniz-2025-Ganador-general-coche-300x207.jpg 300w\" sizes=\"auto, (max-width: 610px) 100vw, 610px\" \/><\/figure>\n<\/div>\n\n\n<p>El II Raid AutoClassic-Ciudad de Alca\u00f1iz reconoci\u00f3 a los dos equipos procedentes de Suiza como los de procedencia m\u00e1s lejana y al <a href=\"http:\/\/motormania.info\/MM\/2003\/07\/30\/volkswagen-escarabajo-historia-y-ficha-tecnica\/\" data-type=\"post\" data-id=\"253\">Volkswagen Escarabajo <\/a>de 1950 de Carlos Rosell\u00f3 y Carlos Basart, como el veh\u00edculo participante m\u00e1s antiguo, que adem\u00e1s obtuvo la segunda plaza en la categor\u00eda Pre80.\u00a0<\/p>\n\n\n<div class=\"wp-block-image\">\n<figure class=\"aligncenter size-full\"><img loading=\"lazy\" decoding=\"async\" width=\"610\" height=\"421\" src=\"http:\/\/motormania.info\/MM\/wp-content\/uploads\/2025\/03\/Raid-Ciudad-de-Alcaniz-2025-detalle-1.jpg\" alt=\"\" class=\"wp-image-4108\" srcset=\"https:\/\/motormania.info\/MM\/wp-content\/uploads\/2025\/03\/Raid-Ciudad-de-Alcaniz-2025-detalle-1.jpg 610w, https:\/\/motormania.info\/MM\/wp-content\/uploads\/2025\/03\/Raid-Ciudad-de-Alcaniz-2025-detalle-1-300x207.jpg 300w\" sizes=\"auto, (max-width: 610px) 100vw, 610px\" \/><\/figure>\n<\/div>\n\n\n<p>Esta edici\u00f3n del Raid AutoClassic-Ciudad de Alca\u00f1iz, que se caracteriz\u00f3 por la dureza del trazado, la re\u00f1ida competici\u00f3n y el largo kilometraje, entusiasm\u00f3 a los participantes, apasionados al motor cl\u00e1sico y procedentes de diversos rincones de Arag\u00f3n, Catalu\u00f1a, Comunidad Valenciana, Madrid, Pa\u00eds Vasco, Castilla y Le\u00f3n y Castilla-La Mancha, adem\u00e1s de los dos equipos suizos. El 90 % de los participantes proced\u00edan de fuera de la comunidad aragonesa y todos coincidieron en destacar la belleza y diversidad del territorio recorrido, que se extendi\u00f3 por cinco comarcas: Bajo Arag\u00f3n, Maestrazgo, Andorra-Sierra de Arcos, Cuencas Mineras y Comunidad de Teruel. La ciudad de Alca\u00f1iz acogi\u00f3 en su recinto ferial el parque cerrado de veh\u00edculos y los puntos de salida\/meta de las tres etapas.\u00a0 Los caminos de tierra de su ampl\u00edsimo t\u00e9rmino municipal fueron escenario de diversos tramos de la prueba en las tres jornadas.\u00a0\u00a0<\/p>\n\n\n<div class=\"wp-block-image\">\n<figure class=\"aligncenter size-full\"><img loading=\"lazy\" decoding=\"async\" width=\"610\" height=\"413\" src=\"http:\/\/motormania.info\/MM\/wp-content\/uploads\/2025\/03\/Raid-Ciudad-de-Alcaniz-2025-detalle-2.jpg\" alt=\"\" class=\"wp-image-4109\" srcset=\"https:\/\/motormania.info\/MM\/wp-content\/uploads\/2025\/03\/Raid-Ciudad-de-Alcaniz-2025-detalle-2.jpg 610w, https:\/\/motormania.info\/MM\/wp-content\/uploads\/2025\/03\/Raid-Ciudad-de-Alcaniz-2025-detalle-2-300x203.jpg 300w, https:\/\/motormania.info\/MM\/wp-content\/uploads\/2025\/03\/Raid-Ciudad-de-Alcaniz-2025-detalle-2-120x80.jpg 120w\" sizes=\"auto, (max-width: 610px) 100vw, 610px\" \/><\/figure>\n<\/div>\n\n\n<p>La hoja de ruta de la caravana del raid atraves\u00f3 zonas des\u00e9rticas, monta\u00f1osas, \u00e1reas de cultivos, vados de r\u00edos, etc., espacios todos ellos de naturaleza diversa, y municipios como Ejulve, Montalb\u00e1n, Escucha, Caspe, Calanda, Andorra, Alcorisa, Perales de Alfambra, Aliaga o Villarroya de los Pinares, poblaci\u00f3n en la que nace el r\u00edo Guadalope. El objetivo de combinar durante tres d\u00edas aventura y turismo se confirm\u00f3 en esta edici\u00f3n. Algunos participantes destacaron la organizaci\u00f3n de este tipo de eventos como <em>\u201cuna promoci\u00f3n tur\u00edstica excelente, que permite llegar a fant\u00e1sticos espacios naturales y pueblos de gran belleza que no suelen estar en los circuitos tur\u00edsticos convencionales\u201d.<\/em>\u00a0<\/p>\n\n\n<div class=\"wp-block-image\">\n<figure class=\"aligncenter size-full\"><img loading=\"lazy\" decoding=\"async\" width=\"610\" height=\"463\" src=\"http:\/\/motormania.info\/MM\/wp-content\/uploads\/2025\/03\/Raid-Ciudad-de-Alcaniz-2025-detalle-4.jpg\" alt=\"\" class=\"wp-image-4110\" srcset=\"https:\/\/motormania.info\/MM\/wp-content\/uploads\/2025\/03\/Raid-Ciudad-de-Alcaniz-2025-detalle-4.jpg 610w, https:\/\/motormania.info\/MM\/wp-content\/uploads\/2025\/03\/Raid-Ciudad-de-Alcaniz-2025-detalle-4-300x228.jpg 300w\" sizes=\"auto, (max-width: 610px) 100vw, 610px\" \/><\/figure>\n<\/div>\n\n\n<p>La segunda edici\u00f3n del Raid AutoClassic-Ciudad de Alca\u00f1iz cont\u00f3 con un centenar de equipos inscritos, que recorrieron m\u00e1s de 500 kil\u00f3metros por caminos de tierra, en tres etapas y 14 tramos. La prueba de regularidad hist\u00f3rica arranc\u00f3 el viernes en el circuito de autocross de Motorland y en la jornada del s\u00e1bado se vivi\u00f3 la etapa reina con m\u00e1s de 361 kil\u00f3metros y ocho tramos. En un raid de estas caracter\u00edsticas el par\u00e1metro que m\u00e1s se valora es el mantenimiento de la velocidad media establecida por la organizaci\u00f3n en cada tramo cronometrado, que siempre ser\u00e1 inferior a 50 Km\/h.\u00a0 La experiencia permiti\u00f3 ver en acci\u00f3n veh\u00edculos tan \u2018urbanos\u2019 como los Seat Panda, Marbella o <a rel=\"noreferrer noopener\" href=\"http:\/\/motormania.info\/MM\/2007\/01\/08\/seat-ibiza-1-984-1-993-historia-y-ficha-tecnica\/\" data-type=\"post\" data-id=\"718\" target=\"_blank\">Ibiza<\/a>; <a rel=\"noreferrer noopener\" href=\"http:\/\/motormania.info\/MM\/2007\/07\/02\/citroen-ax-diesel-historia-y-video\/\" data-type=\"post\" data-id=\"1576\" target=\"_blank\">Citro\u00ebn AX <\/a>o C15; Renault 5, y R12; o los <a rel=\"noreferrer noopener\" href=\"http:\/\/motormania.info\/MM\/2013\/01\/05\/peugeot-205-gti-cti-y-gtx-historia-y-ficha-tecnica\/\" data-type=\"post\" data-id=\"78\" target=\"_blank\">Peugeot 205<\/a> y 504; y otros, con m\u00e1s condiciones para estas acciones, como Nissan Patrol, <a rel=\"noreferrer noopener\" href=\"http:\/\/motormania.info\/MM\/2018\/01\/15\/lada-niva-poch-en-el-dakar-8-anos-en-busca-de-una-victoria-que-nunca-llego\/\" data-type=\"post\" data-id=\"1917\" target=\"_blank\">Lada Niva<\/a>, Mitsubishi Montero, <a href=\"http:\/\/motormania.info\/MM\/2007\/07\/17\/suzuki-sjsamurai-historia-y-ficha-tecnica\/\" data-type=\"post\" data-id=\"63\" target=\"_blank\" rel=\"noreferrer noopener\">Suzuki Samurai<\/a> y Vitara, o Jeep Gran Cherokee, entre otros.\u00a0<\/p>\n\n\n<div class=\"wp-block-image\">\n<figure class=\"aligncenter size-full\"><img loading=\"lazy\" decoding=\"async\" width=\"610\" height=\"417\" src=\"http:\/\/motormania.info\/MM\/wp-content\/uploads\/2025\/03\/Raid-Ciudad-de-Alcaniz-2025-detalle-5.jpg\" alt=\"\" class=\"wp-image-4111\" srcset=\"https:\/\/motormania.info\/MM\/wp-content\/uploads\/2025\/03\/Raid-Ciudad-de-Alcaniz-2025-detalle-5.jpg 610w, https:\/\/motormania.info\/MM\/wp-content\/uploads\/2025\/03\/Raid-Ciudad-de-Alcaniz-2025-detalle-5-300x205.jpg 300w\" sizes=\"auto, (max-width: 610px) 100vw, 610px\" \/><\/figure>\n<\/div>\n\n\n<p>El II Raid AutoClassic-Ciudad de Alca\u00f1iz est\u00e1 promovido por el Ayuntamiento de la ciudad, organizado por Expo Motor Events y la Agrupaci\u00f3n Deportiva Etc\u00e9tera, y cont\u00f3 con la colaboraci\u00f3n de la Diputaci\u00f3n de Teruel.<\/p>\n\n\n<div class=\"wp-block-image\">\n<figure class=\"aligncenter size-full\"><img loading=\"lazy\" decoding=\"async\" width=\"610\" height=\"444\" src=\"http:\/\/motormania.info\/MM\/wp-content\/uploads\/2025\/03\/Raid-Ciudad-de-Alcaniz-2025-Volkswagen-Escarabajo-de-1950.jpg\" alt=\"\" class=\"wp-image-4113\" srcset=\"https:\/\/motormania.info\/MM\/wp-content\/uploads\/2025\/03\/Raid-Ciudad-de-Alcaniz-2025-Volkswagen-Escarabajo-de-1950.jpg 610w, https:\/\/motormania.info\/MM\/wp-content\/uploads\/2025\/03\/Raid-Ciudad-de-Alcaniz-2025-Volkswagen-Escarabajo-de-1950-300x218.jpg 300w, https:\/\/motormania.info\/MM\/wp-content\/uploads\/2025\/03\/Raid-Ciudad-de-Alcaniz-2025-Volkswagen-Escarabajo-de-1950-90x65.jpg 90w\" sizes=\"auto, (max-width: 610px) 100vw, 610px\" \/><\/figure>\n<\/div>\n\n\n<p class=\"has-text-align-right\"><strong>Texto y Fotos<\/strong>;\u00a0<strong><em>Expo Motor Events<\/em><\/strong><\/p>\n","protected":false},"excerpt":{"rendered":"<p>Barro, polvo, agua, viento y hasta nieve\u2026los participantes en la segunda edici\u00f3n del Raid AutoClassic-Ciudad de Alca\u00f1iz se enfrentaron con entusiasmo a los elementos, durante tres jornadas, sobre un trazado que super\u00f3 los 500 kil\u00f3metros y que se extendi\u00f3 por cinco comarcas de la provincia[&#8230;]<\/p>\n","protected":false},"author":1,"featured_media":4106,"comment_status":"open","ping_status":"open","sticky":false,"template":"","format":"standard","meta":{"footnotes":""},"categories":[3,10],"tags":[1050,1047,1048,1057],"class_list":["post-4104","post","type-post","status-publish","format-standard","has-post-thumbnail","hentry","category-noticias","category-regularidad-y-eventos","tag-1050","tag-alacaniz","tag-expo-motor-events","tag-raid-autoclassic"],"_links":{"self":[{"href":"https:\/\/motormania.info\/MM\/wp-json\/wp\/v2\/posts\/4104","targetHints":{"allow":["GET"]}}],"collection":[{"href":"https:\/\/motormania.info\/MM\/wp-json\/wp\/v2\/posts"}],"about":[{"href":"https:\/\/motormania.info\/MM\/wp-json\/wp\/v2\/types\/post"}],"author":[{"embeddable":true,"href":"https:\/\/motormania.info\/MM\/wp-json\/wp\/v2\/users\/1"}],"replies":[{"embeddable":true,"href":"https:\/\/motormania.info\/MM\/wp-json\/wp\/v2\/comments?post=4104"}],"version-history":[{"count":3,"href":"https:\/\/motormania.info\/MM\/wp-json\/wp\/v2\/posts\/4104\/revisions"}],"predecessor-version":[{"id":4439,"href":"https:\/\/motormania.info\/MM\/wp-json\/wp\/v2\/posts\/4104\/revisions\/4439"}],"wp:featuredmedia":[{"embeddable":true,"href":"https:\/\/motormania.info\/MM\/wp-json\/wp\/v2\/media\/4106"}],"wp:attachment":[{"href":"https:\/\/motormania.info\/MM\/wp-json\/wp\/v2\/media?parent=4104"}],"wp:term":[{"taxonomy":"category","embeddable":true,"href":"https:\/\/motormania.info\/MM\/wp-json\/wp\/v2\/categories?post=4104"},{"taxonomy":"post_tag","embeddable":true,"href":"https:\/\/motormania.info\/MM\/wp-json\/wp\/v2\/tags?post=4104"}],"curies":[{"name":"wp","href":"https:\/\/api.w.org\/{rel}","templated":true}]}}