{"id":3995,"date":"2025-01-13T23:04:48","date_gmt":"2025-01-13T22:04:48","guid":{"rendered":"http:\/\/motormania.info\/MM\/?p=3995"},"modified":"2025-01-13T23:08:35","modified_gmt":"2025-01-13T22:08:35","slug":"africa-eco-race-2024-la-edicion-mas-renida-de-los-ultimos-anos","status":"publish","type":"post","link":"https:\/\/motormania.info\/MM\/2025\/01\/13\/africa-eco-race-2024-la-edicion-mas-renida-de-los-ultimos-anos\/","title":{"rendered":"Africa Eco Race 2025. La edici\u00f3n m\u00e1s re\u00f1ida de los \u00faltimos a\u00f1os."},"content":{"rendered":"\n<p>El 12 de enero de 2025 finaliz\u00f3 la 16\u00aa edici\u00f3n del la Africa Eco Race, la carrera que emula el recorrido de <a rel=\"noreferrer noopener\" href=\"http:\/\/motormania.info\/MM\/historia-y-palmares-del-dakar-africano-1-979-2-008\/\" data-type=\"page\" data-id=\"523\" target=\"_blank\">los <strong>primeros dakares africanos<\/strong><\/a>. Las clasificaciones quedaron definidas tras la etapa del 11 de enero, reserv\u00e1ndose la jornada final para un tramo de exhibici\u00f3n en las playas del Lago Rosa que cont\u00f3 con salidas en grupo que dieron un punto de espectacularidad a la \u00faltima etapa.<\/p>\n\n\n<div class=\"wp-block-image\">\n<figure class=\"aligncenter size-full\"><img loading=\"lazy\" decoding=\"async\" width=\"610\" height=\"421\" src=\"http:\/\/motormania.info\/MM\/wp-content\/uploads\/2025\/01\/Podium-Africa-Eco-Race-2025.jpg\" alt=\"Podium Africa Eco Race 2025\" class=\"wp-image-4005\" srcset=\"https:\/\/motormania.info\/MM\/wp-content\/uploads\/2025\/01\/Podium-Africa-Eco-Race-2025.jpg 610w, https:\/\/motormania.info\/MM\/wp-content\/uploads\/2025\/01\/Podium-Africa-Eco-Race-2025-300x207.jpg 300w\" sizes=\"auto, (max-width: 610px) 100vw, 610px\" \/><\/figure>\n<\/div>\n\n\n<p>Este a\u00f1o la carrera estuvo muy re\u00f1ida, con m\u00e1rgenes muy estrechos entre los pilotos punteros de cada categor\u00eda, decidi\u00e9ndose los primeros puestos en la mayor\u00eda de ellas en las \u00faltimas etapas. En motos el triunfo fue para <strong>Jacopo Cerutti <\/strong>(Aprilia Tuareg) que revalidaba su victoria del <a rel=\"noreferrer noopener\" href=\"http:\/\/motormania.info\/MM\/2024\/01\/16\/africa-race-2024-mucha-regularidad-y-pocas-sorpresas\/\" data-type=\"post\" data-id=\"3652\" target=\"_blank\">a\u00f1o anterior.<\/a> Tras 11 etapas y miles de kil\u00f3metros de carrera, el italiano tan s\u00f3lo consigui\u00f3 sacar 26&#8243; a  la Yamaha XTZ690D de <strong>Alessandro Botturi<\/strong>. El p\u00f3dium lo cerr\u00f3 <strong>Guillaume Borne<\/strong> (Husqvarna 450 FR) a 2h 30&#8242; 59&#8243; del segundo clasificado.<\/p>\n\n\n<div class=\"wp-block-image\">\n<figure class=\"aligncenter size-full\"><img loading=\"lazy\" decoding=\"async\" width=\"600\" height=\"415\" src=\"http:\/\/motormania.info\/MM\/wp-content\/uploads\/2025\/01\/Jacopo-Cerutti-Aprilia-Tuareg.jpg\" alt=\"Jacopo Cerutti (Aprilia Tuareg) \" class=\"wp-image-4000\" srcset=\"https:\/\/motormania.info\/MM\/wp-content\/uploads\/2025\/01\/Jacopo-Cerutti-Aprilia-Tuareg.jpg 600w, https:\/\/motormania.info\/MM\/wp-content\/uploads\/2025\/01\/Jacopo-Cerutti-Aprilia-Tuareg-300x208.jpg 300w\" sizes=\"auto, (max-width: 600px) 100vw, 600px\" \/><\/figure>\n<\/div>\n\n\n<p>En coches el vencedor fue <strong>Beno\u00eet Fretin<\/strong> (Century CR6) seguido de <strong>Pierre Lafay<\/strong> (Can-Am Maverick R), para quien la victoria en la \u00faltima etapa fue decisiva para arrebatarle el segundo puesto a <strong>Martijn Van Den Broek <\/strong>(Can-Am Maverick X3), que se tuvo que conformar con el tercer escal\u00f3n del p\u00f3dium. La cuarta plaza de la general fue para el vencedor en la categor\u00eda de camiones, el holand\u00e9s <strong>Gerrit Zuurmond <\/strong> (Man TGS 18.480) que sac\u00f3 una ventaja de 2h 01&#8242; 18&#8243; al segundo cami\u00f3n y quinto en el general, el Iveco Power Star de <strong>William Van Groningen.<\/strong><\/p>\n\n\n<div class=\"wp-block-image\">\n<figure class=\"aligncenter size-full\"><img loading=\"lazy\" decoding=\"async\" width=\"610\" height=\"420\" src=\"http:\/\/motormania.info\/MM\/wp-content\/uploads\/2025\/01\/Benoit-Fretin-Century-CR6-.-Africa-Eco-Race-2025.jpg\" alt=\"Beno\u00eet Fretin (Century CR6) \" class=\"wp-image-3999\" srcset=\"https:\/\/motormania.info\/MM\/wp-content\/uploads\/2025\/01\/Benoit-Fretin-Century-CR6-.-Africa-Eco-Race-2025.jpg 610w, https:\/\/motormania.info\/MM\/wp-content\/uploads\/2025\/01\/Benoit-Fretin-Century-CR6-.-Africa-Eco-Race-2025-300x207.jpg 300w\" sizes=\"auto, (max-width: 610px) 100vw, 610px\" \/><\/figure>\n<\/div>\n\n\n<p>En la categor\u00eda de hist\u00f3ricos, <strong>Eric <\/strong>y <strong>Tom Claeys <\/strong>(Toyota Land Cruiser) dominaron todo el rally, terminando por delante del <a rel=\"noreferrer noopener\" href=\"http:\/\/motormania.info\/MM\/2015\/01\/04\/volkswagen-iltis-tipo-183-historia-y-ficha-tecnica\/\" data-type=\"post\" data-id=\"690\" target=\"_blank\">Volkswagen Iltis <\/a>Bombardier de <strong>Kurt Dujardyn<\/strong> y <strong>Ren\u00e9 Declercq<\/strong>. El tercer puesto de la general fue para <strong>Fabrice<\/strong> y <strong>Magali Morin<\/strong> ( Toyota Land Cruiser). Menci\u00f3n especial para la familia Brandenburg y su espectacular escuadra de <a rel=\"noreferrer noopener\" href=\"http:\/\/motormania.info\/MM\/2024\/01\/09\/porsche-953-4x4-el-primer-911-que-gano-el-dakar\/\" data-type=\"post\" data-id=\"3613\" target=\"_blank\">Porsche 911<\/a>. El equipo formado por <strong>Peter Lehmann<\/strong> y <strong>Tom Brandenburg<\/strong> termin\u00f3 primero en la categor\u00eda de dos ruedas motrices, seguidos por d\u00fao <strong>Marnie Brandenburg<\/strong> y <strong>Eric Brandenburg<\/strong>.<\/p>\n\n\n<div class=\"wp-block-image\">\n<figure class=\"aligncenter size-full\"><img loading=\"lazy\" decoding=\"async\" width=\"610\" height=\"395\" src=\"http:\/\/motormania.info\/MM\/wp-content\/uploads\/2025\/01\/Porsche-911-Africa-Eco-Race-2025.jpg\" alt=\"Porsche 911 Africa Eco Race 2025\" class=\"wp-image-4002\" srcset=\"https:\/\/motormania.info\/MM\/wp-content\/uploads\/2025\/01\/Porsche-911-Africa-Eco-Race-2025.jpg 610w, https:\/\/motormania.info\/MM\/wp-content\/uploads\/2025\/01\/Porsche-911-Africa-Eco-Race-2025-300x194.jpg 300w\" sizes=\"auto, (max-width: 610px) 100vw, 610px\" \/><\/figure>\n<\/div>\n\n\n<p> Si te gusta esta carrera toma nota; la organizaci\u00f3n ya ha adelantado las fechas de la <strong>Africa Eco Race 2026<\/strong>. Se disputar\u00e1 entre el 24 de enero y el 7 de febrero.<\/p>\n\n\n<div class=\"wp-block-image\">\n<figure class=\"aligncenter size-full\"><img loading=\"lazy\" decoding=\"async\" width=\"610\" height=\"455\" src=\"http:\/\/motormania.info\/MM\/wp-content\/uploads\/2025\/01\/Africa-Eco-Race-2025.-VW-Iltis.jpg\" alt=\"Africa Eco Race 2025. VW Iltis\" class=\"wp-image-4007\" srcset=\"https:\/\/motormania.info\/MM\/wp-content\/uploads\/2025\/01\/Africa-Eco-Race-2025.-VW-Iltis.jpg 610w, https:\/\/motormania.info\/MM\/wp-content\/uploads\/2025\/01\/Africa-Eco-Race-2025.-VW-Iltis-300x224.jpg 300w\" sizes=\"auto, (max-width: 610px) 100vw, 610px\" \/><figcaption class=\"wp-element-caption\"> <\/figcaption><\/figure>\n<\/div>\n\n<div class=\"wp-block-image\">\n<figure class=\"aligncenter size-full\"><img loading=\"lazy\" decoding=\"async\" width=\"610\" height=\"414\" src=\"http:\/\/motormania.info\/MM\/wp-content\/uploads\/2025\/01\/Africa-Eco-Race-2025-Mauritania.jpg\" alt=\"Africa Eco Race 2025 Mauritania\" class=\"wp-image-4006\" srcset=\"https:\/\/motormania.info\/MM\/wp-content\/uploads\/2025\/01\/Africa-Eco-Race-2025-Mauritania.jpg 610w, https:\/\/motormania.info\/MM\/wp-content\/uploads\/2025\/01\/Africa-Eco-Race-2025-Mauritania-300x204.jpg 300w, https:\/\/motormania.info\/MM\/wp-content\/uploads\/2025\/01\/Africa-Eco-Race-2025-Mauritania-120x80.jpg 120w\" sizes=\"auto, (max-width: 610px) 100vw, 610px\" \/><\/figure>\n<\/div>\n\n\n<p class=\"has-text-align-right\">Fotograf\u00edas;&nbsp;<a rel=\"noreferrer noopener\" href=\"https:\/\/www.africarace.com\/en\" target=\"_blank\"><\/a><strong><em><a href=\"https:\/\/www.africarace.com\/en\">Africa Eco Race<\/a><\/em><\/strong><\/p>\n","protected":false},"excerpt":{"rendered":"<p>El 12 de enero de 2025 finaliz\u00f3 la 16\u00aa edici\u00f3n del la Africa Eco Race, la carrera que emula el recorrido de los primeros dakares africanos. Las clasificaciones quedaron definidas tras la etapa del 11 de enero, reserv\u00e1ndose la jornada final para un tramo de[&#8230;]<\/p>\n","protected":false},"author":1,"featured_media":4004,"comment_status":"open","ping_status":"open","sticky":false,"template":"","format":"standard","meta":{"footnotes":""},"categories":[1,3],"tags":[1050,464,1051,1052,1029],"class_list":["post-3995","post","type-post","status-publish","format-standard","has-post-thumbnail","hentry","category-competicion","category-noticias","tag-1050","tag-africa-race","tag-benoit-fretin","tag-gerrit-zuurmonnd","tag-jacopo-cerutti"],"_links":{"self":[{"href":"https:\/\/motormania.info\/MM\/wp-json\/wp\/v2\/posts\/3995","targetHints":{"allow":["GET"]}}],"collection":[{"href":"https:\/\/motormania.info\/MM\/wp-json\/wp\/v2\/posts"}],"about":[{"href":"https:\/\/motormania.info\/MM\/wp-json\/wp\/v2\/types\/post"}],"author":[{"embeddable":true,"href":"https:\/\/motormania.info\/MM\/wp-json\/wp\/v2\/users\/1"}],"replies":[{"embeddable":true,"href":"https:\/\/motormania.info\/MM\/wp-json\/wp\/v2\/comments?post=3995"}],"version-history":[{"count":8,"href":"https:\/\/motormania.info\/MM\/wp-json\/wp\/v2\/posts\/3995\/revisions"}],"predecessor-version":[{"id":4011,"href":"https:\/\/motormania.info\/MM\/wp-json\/wp\/v2\/posts\/3995\/revisions\/4011"}],"wp:featuredmedia":[{"embeddable":true,"href":"https:\/\/motormania.info\/MM\/wp-json\/wp\/v2\/media\/4004"}],"wp:attachment":[{"href":"https:\/\/motormania.info\/MM\/wp-json\/wp\/v2\/media?parent=3995"}],"wp:term":[{"taxonomy":"category","embeddable":true,"href":"https:\/\/motormania.info\/MM\/wp-json\/wp\/v2\/categories?post=3995"},{"taxonomy":"post_tag","embeddable":true,"href":"https:\/\/motormania.info\/MM\/wp-json\/wp\/v2\/tags?post=3995"}],"curies":[{"name":"wp","href":"https:\/\/api.w.org\/{rel}","templated":true}]}}