{"id":3554,"date":"2023-09-17T21:01:09","date_gmt":"2023-09-17T20:01:09","guid":{"rendered":"http:\/\/motormania.info\/MM\/?p=3554"},"modified":"2023-09-24T11:43:42","modified_gmt":"2023-09-24T10:43:42","slug":"subida-a-jaizkibel-2023-45a-edicion","status":"publish","type":"post","link":"https:\/\/motormania.info\/MM\/2023\/09\/17\/subida-a-jaizkibel-2023-45a-edicion\/","title":{"rendered":"Subida a Jaizkibel 2023 (45\u00aa edici\u00f3n)"},"content":{"rendered":"\n<p>Arkaitz Ordoki (Nova NP03) y Be\u00f1at Poblaci\u00f3n (Lotus Exige) se hicieron la victoria en la 45\u00ba edici\u00f3n de la<strong> <a href=\"http:\/\/motormania.info\/MM\/subida-a-jaizkibel\/\">Subida a Jaizkibel<\/a><\/strong> disputada el fin de semana del 16 y 17 de Septiembre de 2023. La prueba,  puntuable para los Campeonatos Vascos y Guipuzcoanos de monta\u00f1a, estuvo  organizada como en <a rel=\"noreferrer noopener\" href=\"http:\/\/motormania.info\/MM\/2022\/09\/18\/subida-a-jaizkibel-2022-44a-edicion\/\" target=\"_blank\">anteriores ediciones<\/a> por la <strong>Escuder\u00eda Jaizkibel<\/strong> de Donostia, el <strong>Real Autom\u00f3vil Club <a href=\"http:\/\/motormania.info\/MM\/tag\/vasco-navarro\/\">Vasco-Navarro<\/a><\/strong> y la <strong>Federaci\u00f3n Vasca de Automovilismo<\/strong>. Los 70 participantes se tuvieron que enfrentar al recorrido en cuatro ocasiones (dos mangas de entrenamientos y otras dos de carrera) en una jornada seca de viento sur en la que llegaron a caer algunas gotas que no mojaron la carretera.<\/p>\n\n\n\n<figure class=\"wp-block-embed is-type-video is-provider-youtube wp-block-embed-youtube wp-embed-aspect-16-9 wp-has-aspect-ratio\"><div class=\"wp-block-embed__wrapper\">\n<iframe loading=\"lazy\" title=\"Subida a Jaizkibel 2023. COMPLETO\" width=\"840\" height=\"473\" src=\"https:\/\/www.youtube.com\/embed\/OjeWAOanw0E?feature=oembed\" frameborder=\"0\" allow=\"accelerometer; autoplay; clipboard-write; encrypted-media; gyroscope; picture-in-picture; web-share\" allowfullscreen><\/iframe>\n<\/div><\/figure>\n\n\n\n<p> Joseba Iraola, que ha dominado la prueba durante los \u00faltimos a\u00f1os, se encontraba disputando la ultima cita del Europeo de Monta\u00f1a y se abr\u00eda una abanico de posibilidades entre <strong>Arkaitz Ordoki<\/strong> (Nova NP03), <strong>Aitor Manso<\/strong> (actual l\u00edder del Campeonato Vasco de Monta\u00f1a con su Talex M3) y la escuadra de barquetas y CM&#8217;s que completaban los nueve primeros dorsales de la tabla de inscritos. Ordoki dej\u00f3 claras sus intenciones marcando los mejores tiempos en las cuatro ascensiones y rebajando en 2&#8243; su tiempo del a\u00f1o pasado. <strong>Miguel Gutierrez<\/strong> (Norma M20F) se col\u00f3 en la segunda plaza en los entrenamientos oficiales y la mantuvo, relegando a Aitor Manso al tercer escal\u00f3n del podium.<\/p>\n\n\n<div class=\"wp-block-image\">\n<figure class=\"aligncenter size-full\"><img loading=\"lazy\" decoding=\"async\" width=\"610\" height=\"365\" src=\"http:\/\/motormania.info\/MM\/wp-content\/uploads\/2023\/09\/Arkaitz-Ordoki.jpg\" alt=\"Arkaitz Ordoki. Norma NP03.\" class=\"wp-image-3556\" srcset=\"https:\/\/motormania.info\/MM\/wp-content\/uploads\/2023\/09\/Arkaitz-Ordoki.jpg 610w, https:\/\/motormania.info\/MM\/wp-content\/uploads\/2023\/09\/Arkaitz-Ordoki-300x180.jpg 300w\" sizes=\"auto, (max-width: 610px) 100vw, 610px\" \/><\/figure>\n<\/div>\n\n\n<p>En la categor\u00eda de turismos, se auguraba un nuevo duelo entre el <a href=\"http:\/\/motormania.info\/MM\/2013\/04\/30\/porsche-911-901-1a-generacion-historia-y-\">Porsche 911<\/a> GT3 de <strong>Bruno Scherer<\/strong> y el  <strong><a rel=\"noreferrer noopener\" href=\"https:\/\/youtu.be\/QJrFj7q8Oqk?feature=shared\" target=\"_blank\">Citro\u00ebnAX <em>Superturismo<\/em><\/a><\/strong> de <strong>Igor Urien<\/strong> (actual l\u00edder del Campeonato Vasco), pero un nuevo contendiente se sum\u00f3 a la pugna. <strong>Be\u00f1at Poblaci\u00f3n<\/strong>, que se estrenaba con un espectacular y efectivo Lotus Exige, marc\u00f3 los mejores tiempos en todas las mangas y s\u00f3lo Urien, que tambi\u00e9n rebaj\u00f3 su tiempo m\u00e1s de 2&#8243; respecto a 2022, fue capaz de hacerle sombra, quedando Scherer finalmente en tercera posici\u00f3n.<\/p>\n\n\n<div class=\"wp-block-image\">\n<figure class=\"aligncenter size-full\"><img loading=\"lazy\" decoding=\"async\" width=\"610\" height=\"408\" src=\"http:\/\/motormania.info\/MM\/wp-content\/uploads\/2023\/09\/Benat-Poblacion.jpg\" alt=\"Be\u00f1at Poblaci\u00f3n. Lotus Exige.\" class=\"wp-image-3557\" srcset=\"https:\/\/motormania.info\/MM\/wp-content\/uploads\/2023\/09\/Benat-Poblacion.jpg 610w, https:\/\/motormania.info\/MM\/wp-content\/uploads\/2023\/09\/Benat-Poblacion-300x201.jpg 300w, https:\/\/motormania.info\/MM\/wp-content\/uploads\/2023\/09\/Benat-Poblacion-120x80.jpg 120w, https:\/\/motormania.info\/MM\/wp-content\/uploads\/2023\/09\/Benat-Poblacion-360x240.jpg 360w, https:\/\/motormania.info\/MM\/wp-content\/uploads\/2023\/09\/Benat-Poblacion-600x400.jpg 600w, https:\/\/motormania.info\/MM\/wp-content\/uploads\/2023\/09\/Benat-Poblacion-480x320.jpg 480w\" sizes=\"auto, (max-width: 610px) 100vw, 610px\" \/><\/figure>\n<\/div>\n\n\n<p class=\"has-text-align-center\"><strong>CLASIFICACI\u00d3N<\/strong><\/p>\n\n\n\n<figure class=\"wp-block-table aligncenter\"><table><tbody><tr><td><strong>Tiempo<\/strong><\/td><td><strong>Clasificaci\u00f3n<\/strong><\/td><td><strong>Dorsal<\/strong><\/td><td><strong>Piloto<\/strong><\/td><td><strong>Coche<\/strong><\/td><\/tr><tr><td>2&#8242; 34,510&#8243;<\/td><td>1\u00ba (monopl.)<\/td><td>2<\/td><td>Arkaitz Ordoki<\/td><td>Nova NP03<\/td><\/tr><tr><td>2&#8242; 41,852&#8243;<\/td><td>2\u00ba (monopl.)<\/td><td>3<\/td><td>Miguel Gutierrez<\/td><td>Norma M20F<\/td><\/tr><tr><td>2&#8242; 42,885&#8243;<\/td><td>3\u00ba (monopl.)<\/td><td>1<\/td><td>Aitor Manso<\/td><td>Talex M3<\/td><\/tr><tr><td>2&#8242; 45,049&#8243;<\/td><td>1\u00ba (turismo)<\/td><td>12<\/td><td>Be\u00f1at Poblaci\u00f3n<\/td><td>Lotus Exige<\/td><\/tr><tr><td>2&#8242; 46,591&#8243;<\/td><td>2\u00ba (turismo)<\/td><td>11<\/td><td>Igor Urien<\/td><td>Citro\u00ebn AX E2<\/td><\/tr><tr><td>2&#8242; 46,957&#8243;<\/td><td>4\u00ba (monopl.)<\/td><td>7<\/td><td>Julen Etxeberria<\/td><td>Talex M3<\/td><\/tr><tr><td>2&#8242; 47,590&#8243;<\/td><td>5\u00ba (monopl.)<\/td><td>5<\/td><td>Arnaud Dardans<\/td><td>BRC B49<\/td><\/tr><tr><td>2&#8242; 48,030&#8243;<\/td><td>6\u00ba (monopl.)<\/td><td>6<\/td><td>Damian Verdera<\/td><td>Talex M3<\/td><\/tr><tr><td>2&#8242; 48,093&#8243;<\/td><td>3\u00ba (turismo)<\/td><td>10<\/td><td>Bruno Scherer<\/td><td>Porsche 911 GT3<\/td><\/tr><tr><td>2&#8242; 48,975&#8243;<\/td><td>4\u00ba (turismo)<\/td><td>14<\/td><td>Josu Lertxundi<\/td><td>Porsche 911 GT3<\/td><\/tr><\/tbody><\/table><\/figure>\n\n\n<div class=\"wp-block-image\">\n<figure class=\"aligncenter size-full is-resized\"><img loading=\"lazy\" decoding=\"async\" src=\"http:\/\/motormania.info\/MM\/wp-content\/uploads\/2023\/09\/Igor-Urien.jpg\" alt=\"Igor Urien. Citro\u00ebn AX E2 Superturismo\" class=\"wp-image-3567\" width=\"610\" height=\"389\" srcset=\"https:\/\/motormania.info\/MM\/wp-content\/uploads\/2023\/09\/Igor-Urien.jpg 610w, https:\/\/motormania.info\/MM\/wp-content\/uploads\/2023\/09\/Igor-Urien-300x191.jpg 300w\" sizes=\"auto, (max-width: 610px) 100vw, 610px\" \/><figcaption class=\"wp-element-caption\"> <\/figcaption><\/figure>\n<\/div>\n\n<div class=\"wp-block-image\">\n<figure class=\"aligncenter size-full\"><img loading=\"lazy\" decoding=\"async\" width=\"610\" height=\"373\" src=\"http:\/\/motormania.info\/MM\/wp-content\/uploads\/2023\/09\/Miguel-Gutierrez.jpg\" alt=\"Miguel Gutierrez. Norma M20F\" class=\"wp-image-3568\" srcset=\"https:\/\/motormania.info\/MM\/wp-content\/uploads\/2023\/09\/Miguel-Gutierrez.jpg 610w, https:\/\/motormania.info\/MM\/wp-content\/uploads\/2023\/09\/Miguel-Gutierrez-300x183.jpg 300w\" sizes=\"auto, (max-width: 610px) 100vw, 610px\" \/><figcaption class=\"wp-element-caption\"> <\/figcaption><\/figure>\n<\/div>\n\n<div class=\"wp-block-image\">\n<figure class=\"aligncenter size-full\"><img loading=\"lazy\" decoding=\"async\" width=\"610\" height=\"366\" src=\"http:\/\/motormania.info\/MM\/wp-content\/uploads\/2023\/09\/Adrian-Munoz.jpg\" alt=\"Adrian Mu\u00f1oz. Renault 5 GT Turbo\" class=\"wp-image-3570\" srcset=\"https:\/\/motormania.info\/MM\/wp-content\/uploads\/2023\/09\/Adrian-Munoz.jpg 610w, https:\/\/motormania.info\/MM\/wp-content\/uploads\/2023\/09\/Adrian-Munoz-300x180.jpg 300w\" sizes=\"auto, (max-width: 610px) 100vw, 610px\" \/><figcaption class=\"wp-element-caption\"> <\/figcaption><\/figure>\n<\/div>\n\n<div class=\"wp-block-image\">\n<figure class=\"aligncenter size-full\"><img loading=\"lazy\" decoding=\"async\" width=\"610\" height=\"379\" src=\"http:\/\/motormania.info\/MM\/wp-content\/uploads\/2023\/09\/Aitor-Etxeberria.jpg\" alt=\"Aitor Etxeberria. BMW E30 325i\" class=\"wp-image-3574\" srcset=\"https:\/\/motormania.info\/MM\/wp-content\/uploads\/2023\/09\/Aitor-Etxeberria.jpg 610w, https:\/\/motormania.info\/MM\/wp-content\/uploads\/2023\/09\/Aitor-Etxeberria-300x186.jpg 300w\" sizes=\"auto, (max-width: 610px) 100vw, 610px\" \/><figcaption class=\"wp-element-caption\"> <\/figcaption><\/figure>\n<\/div>\n\n<div class=\"wp-block-image\">\n<figure class=\"aligncenter size-full\"><img loading=\"lazy\" decoding=\"async\" width=\"610\" height=\"361\" src=\"http:\/\/motormania.info\/MM\/wp-content\/uploads\/2023\/09\/Bruno-Scherer.jpg\" alt=\"Bruno Scherer. Porsche 911 GT3\" class=\"wp-image-3576\" srcset=\"https:\/\/motormania.info\/MM\/wp-content\/uploads\/2023\/09\/Bruno-Scherer.jpg 610w, https:\/\/motormania.info\/MM\/wp-content\/uploads\/2023\/09\/Bruno-Scherer-300x178.jpg 300w\" sizes=\"auto, (max-width: 610px) 100vw, 610px\" \/><figcaption class=\"wp-element-caption\"> <\/figcaption><\/figure>\n<\/div>\n\n<div class=\"wp-block-image\">\n<figure class=\"aligncenter size-full\"><img loading=\"lazy\" decoding=\"async\" width=\"610\" height=\"376\" src=\"http:\/\/motormania.info\/MM\/wp-content\/uploads\/2023\/09\/Petre-Marius.jpg\" alt=\"Petre Marius. Mitsubishi Lancer EVO VIII\" class=\"wp-image-3579\" srcset=\"https:\/\/motormania.info\/MM\/wp-content\/uploads\/2023\/09\/Petre-Marius.jpg 610w, https:\/\/motormania.info\/MM\/wp-content\/uploads\/2023\/09\/Petre-Marius-300x185.jpg 300w\" sizes=\"auto, (max-width: 610px) 100vw, 610px\" \/><figcaption class=\"wp-element-caption\"> <\/figcaption><\/figure>\n<\/div>\n\n<div class=\"wp-block-image\">\n<figure class=\"aligncenter size-full\"><img loading=\"lazy\" decoding=\"async\" width=\"610\" height=\"369\" src=\"http:\/\/motormania.info\/MM\/wp-content\/uploads\/2023\/09\/Ruben-Lopez.jpg\" alt=\"Ruben Lopez. BMW 325i.\" class=\"wp-image-3581\" srcset=\"https:\/\/motormania.info\/MM\/wp-content\/uploads\/2023\/09\/Ruben-Lopez.jpg 610w, https:\/\/motormania.info\/MM\/wp-content\/uploads\/2023\/09\/Ruben-Lopez-300x181.jpg 300w\" sizes=\"auto, (max-width: 610px) 100vw, 610px\" \/><figcaption class=\"wp-element-caption\"> <\/figcaption><\/figure>\n<\/div>\n\n\n<p class=\"has-text-align-right\"><strong><a href=\"https:\/\/www.facebook.com\/media\/set\/?vanity=MotorMania.info&amp;set=a.1022060325423079\" target=\"_blank\" rel=\"noreferrer noopener\">Ver TODAS nuestras fotos &gt;&gt;&gt;<\/a><\/strong><\/p>\n","protected":false},"excerpt":{"rendered":"<p>Arkaitz Ordoki (Nova NP03) y Be\u00f1at Poblaci\u00f3n (Lotus Exige) se hicieron la victoria en la 45\u00ba edici\u00f3n de la Subida a Jaizkibel disputada el fin de semana del 16 y 17 de Septiembre de 2023. La prueba, puntuable para los Campeonatos Vascos y Guipuzcoanos de[&#8230;]<\/p>\n","protected":false},"author":1,"featured_media":3558,"comment_status":"open","ping_status":"open","sticky":false,"template":"","format":"standard","meta":{"footnotes":""},"categories":[1,3,5],"tags":[1011,627,1022,12,1023,1021,6],"class_list":["post-3554","post","type-post","status-publish","format-standard","has-post-thumbnail","hentry","category-competicion","category-noticias","category-videos","tag-1011","tag-arkaitz-ordoki","tag-benat-pobalcion","tag-jaizkibel","tag-lotus-exige","tag-nova-np03","tag-subida"],"_links":{"self":[{"href":"https:\/\/motormania.info\/MM\/wp-json\/wp\/v2\/posts\/3554","targetHints":{"allow":["GET"]}}],"collection":[{"href":"https:\/\/motormania.info\/MM\/wp-json\/wp\/v2\/posts"}],"about":[{"href":"https:\/\/motormania.info\/MM\/wp-json\/wp\/v2\/types\/post"}],"author":[{"embeddable":true,"href":"https:\/\/motormania.info\/MM\/wp-json\/wp\/v2\/users\/1"}],"replies":[{"embeddable":true,"href":"https:\/\/motormania.info\/MM\/wp-json\/wp\/v2\/comments?post=3554"}],"version-history":[{"count":17,"href":"https:\/\/motormania.info\/MM\/wp-json\/wp\/v2\/posts\/3554\/revisions"}],"predecessor-version":[{"id":3593,"href":"https:\/\/motormania.info\/MM\/wp-json\/wp\/v2\/posts\/3554\/revisions\/3593"}],"wp:featuredmedia":[{"embeddable":true,"href":"https:\/\/motormania.info\/MM\/wp-json\/wp\/v2\/media\/3558"}],"wp:attachment":[{"href":"https:\/\/motormania.info\/MM\/wp-json\/wp\/v2\/media?parent=3554"}],"wp:term":[{"taxonomy":"category","embeddable":true,"href":"https:\/\/motormania.info\/MM\/wp-json\/wp\/v2\/categories?post=3554"},{"taxonomy":"post_tag","embeddable":true,"href":"https:\/\/motormania.info\/MM\/wp-json\/wp\/v2\/tags?post=3554"}],"curies":[{"name":"wp","href":"https:\/\/api.w.org\/{rel}","templated":true}]}}