{"id":3417,"date":"2022-11-20T20:26:52","date_gmt":"2022-11-20T19:26:52","guid":{"rendered":"http:\/\/motormania.info\/MM\/?p=3417"},"modified":"2022-11-20T20:26:52","modified_gmt":"2022-11-20T19:26:52","slug":"rememoracion-historica-de-la-subida-a-san-marcial-2022-6a-edicion","status":"publish","type":"post","link":"https:\/\/motormania.info\/MM\/2022\/11\/20\/rememoracion-historica-de-la-subida-a-san-marcial-2022-6a-edicion\/","title":{"rendered":"Rememoraci\u00f3n Hist\u00f3rica de la Subida a San Marcial 2022 (6\u00aa edici\u00f3n)"},"content":{"rendered":"<p style=\"text-align: justify;\">El 19 de noviembre de 2022 se celebr\u00f3 en Irun (Gipuzkoa) la 6\u00aa edici\u00f3n de la <strong>Rememoraci\u00f3n Hist\u00f3rica de la Subida a San Marcial<\/strong>, inicialmente prevista para el 27 de noviembre de 2021. Este evento no competitivo para coches cl\u00e1sicos organizado, al igual que en <a href=\"http:\/\/motormania.info\/MM\/2020\/07\/31\/rememoracion-historica-de-la-subida-a-san-marcial-2020-5a-edicion\/\">anteriores ediciones<\/a>, por la <em>Escuder\u00eda Sport Classic<\/em> cont\u00f3 con cuatro mangas de exhibici\u00f3n en carretera cerrada por el trazado original de una de las pruebas pioneras del automovilismo vasco de monta\u00f1a. La jornada comenz\u00f3 a las 9:00 horas con la primera de las mangas, bajo una intensa lluvia que acompa\u00f1\u00f3 al evento durante las tres primeras pasadas.<\/p>\n<p><iframe loading=\"lazy\" width=\"840\" height=\"473\" src=\"https:\/\/www.youtube.com\/embed\/R4xI4-N9u8s?feature=oembed\" frameborder=\"0\" allow=\"accelerometer; autoplay; clipboard-write; encrypted-media; gyroscope; picture-in-picture\" allowfullscreen title=\"Rememoraci\u00f3n Subida a San Marcial 2022\"><\/iframe><\/p>\n","protected":false},"excerpt":{"rendered":"<p>El 19 de noviembre de 2022 se celebr\u00f3 en Irun (Gipuzkoa) la 6\u00aa edici\u00f3n de la Rememoraci\u00f3n Hist\u00f3rica de la Subida a San Marcial, inicialmente prevista para el 27 de noviembre de 2021. Este evento no competitivo para coches cl\u00e1sicos organizado, al igual que en[&#8230;]<\/p>\n","protected":false},"author":1,"featured_media":3420,"comment_status":"open","ping_status":"open","sticky":false,"template":"","format":"standard","meta":{"footnotes":""},"categories":[3,10,5],"tags":[994,8,7,6],"class_list":["post-3417","post","type-post","status-publish","format-standard","has-post-thumbnail","hentry","category-noticias","category-regularidad-y-eventos","category-videos","tag-994","tag-irun","tag-san-marcial","tag-subida"],"_links":{"self":[{"href":"https:\/\/motormania.info\/MM\/wp-json\/wp\/v2\/posts\/3417","targetHints":{"allow":["GET"]}}],"collection":[{"href":"https:\/\/motormania.info\/MM\/wp-json\/wp\/v2\/posts"}],"about":[{"href":"https:\/\/motormania.info\/MM\/wp-json\/wp\/v2\/types\/post"}],"author":[{"embeddable":true,"href":"https:\/\/motormania.info\/MM\/wp-json\/wp\/v2\/users\/1"}],"replies":[{"embeddable":true,"href":"https:\/\/motormania.info\/MM\/wp-json\/wp\/v2\/comments?post=3417"}],"version-history":[{"count":1,"href":"https:\/\/motormania.info\/MM\/wp-json\/wp\/v2\/posts\/3417\/revisions"}],"predecessor-version":[{"id":3421,"href":"https:\/\/motormania.info\/MM\/wp-json\/wp\/v2\/posts\/3417\/revisions\/3421"}],"wp:featuredmedia":[{"embeddable":true,"href":"https:\/\/motormania.info\/MM\/wp-json\/wp\/v2\/media\/3420"}],"wp:attachment":[{"href":"https:\/\/motormania.info\/MM\/wp-json\/wp\/v2\/media?parent=3417"}],"wp:term":[{"taxonomy":"category","embeddable":true,"href":"https:\/\/motormania.info\/MM\/wp-json\/wp\/v2\/categories?post=3417"},{"taxonomy":"post_tag","embeddable":true,"href":"https:\/\/motormania.info\/MM\/wp-json\/wp\/v2\/tags?post=3417"}],"curies":[{"name":"wp","href":"https:\/\/api.w.org\/{rel}","templated":true}]}}