{"id":3372,"date":"2022-10-09T21:44:44","date_gmt":"2022-10-09T20:44:44","guid":{"rendered":"http:\/\/motormania.info\/MM\/?p=3372"},"modified":"2022-10-10T20:42:54","modified_gmt":"2022-10-10T19:42:54","slug":"subida-a-urbasa-2022-40a-edicion","status":"publish","type":"post","link":"https:\/\/motormania.info\/MM\/2022\/10\/09\/subida-a-urbasa-2022-40a-edicion\/","title":{"rendered":"Subida a Urbasa 2022 (40\u00aa edici\u00f3n)"},"content":{"rendered":"<p style=\"text-align: justify;\">El 8 de octubre de 2022 se disput\u00f3 en Olazti (Navarra) la <strong>XL Subida a Urbasa<\/strong>. La prueba, organizada como en <a href=\"http:\/\/motormania.info\/MM\/2021\/10\/02\/subida-a-urbasa-2021-39a-edicion\/\">otras ocasiones<\/a> por la escuder\u00eda <strong><em>Sakana MotorSport<\/em><\/strong>, cont\u00f3 con una manga de entrenos y dos de carrera, y fue puntuable para los <strong>Campeonatos Navarros de Monta\u00f1a y\u00a0 F\u00f3rmula Libre<\/strong>. Para gestionar los <strong>m\u00e1s de 100 participantes<\/strong>, la organizaci\u00f3n dividi\u00f3 en dos partes cada una de las ascensiones, de forma que una vez que aproximadamente la mitad de pilotos hab\u00edan llegado a meta, bajaron a la asistencia dejando la carretera libre para los competidores restantes. De esta forma todos los equipos dispusieron de tiempo suficiente para realizar las asistencias y el flujo continuo de participantes redujo las esperas al numeroso p\u00fablico que acudi\u00f3 a presenciar la carrera.<\/p>\n<p style=\"text-align: justify;\"><img loading=\"lazy\" decoding=\"async\" class=\"aligncenter size-full wp-image-3375\" src=\"http:\/\/motormania.info\/MM\/wp-content\/uploads\/2022\/10\/Joseba-Iraola.jpg\" alt=\"Joseba Iraola. Nova NP01\" width=\"610\" height=\"395\" srcset=\"https:\/\/motormania.info\/MM\/wp-content\/uploads\/2022\/10\/Joseba-Iraola.jpg 610w, https:\/\/motormania.info\/MM\/wp-content\/uploads\/2022\/10\/Joseba-Iraola-300x194.jpg 300w\" sizes=\"auto, (max-width: 610px) 100vw, 610px\" \/><\/p>\n<p style=\"text-align: justify;\"><strong>Joseba Iraola<\/strong> con su <strong>Nova NP01<\/strong> marc\u00f3 los mejores tiempos en las tres mangas de carrera y<strong> bati\u00f3 su propio record<\/strong>, parando el crono en la segunda manga oficial en <strong>2\u2019 57,826\u201d<\/strong>. El podium lo completaron <strong>Arkaitz Ordoki<\/strong> (Norma M20FC) y <strong>Aitor Manso<\/strong> (BRC B49).<\/p>\n<p style=\"text-align: justify;\"><img loading=\"lazy\" decoding=\"async\" class=\"aligncenter size-full wp-image-3376\" src=\"http:\/\/motormania.info\/MM\/wp-content\/uploads\/2022\/10\/Bruno-Scherer.jpg\" alt=\"\" width=\"610\" height=\"405\" srcset=\"https:\/\/motormania.info\/MM\/wp-content\/uploads\/2022\/10\/Bruno-Scherer.jpg 610w, https:\/\/motormania.info\/MM\/wp-content\/uploads\/2022\/10\/Bruno-Scherer-300x199.jpg 300w, https:\/\/motormania.info\/MM\/wp-content\/uploads\/2022\/10\/Bruno-Scherer-120x80.jpg 120w, https:\/\/motormania.info\/MM\/wp-content\/uploads\/2022\/10\/Bruno-Scherer-360x240.jpg 360w, https:\/\/motormania.info\/MM\/wp-content\/uploads\/2022\/10\/Bruno-Scherer-480x320.jpg 480w\" sizes=\"auto, (max-width: 610px) 100vw, 610px\" \/><\/p>\n<p style=\"text-align: justify;\"><strong>Bruno Scherer<\/strong>, con su Porsche 911 GT3, fue el primer turismo clasificado marcando un crono de <strong>3\u2019 36.396\u201d<\/strong> que lo situaba en el 9\u00ba puesto de la general. El TOP-10 lo cerr\u00f3 <strong>Joseba Beola<\/strong> con su Mitsubishi Lancer EVO X.<\/p>\n<h4 style=\"text-align: center;\">CLASIFICACI\u00d3N<\/h4>\n<table border=\"1\" width=\"600\">\n<tbody>\n<tr>\n<td bgcolor=\"#CCCCCC\">\n<div align=\"center\"><strong>Posici\u00f3n<\/strong><\/div>\n<\/td>\n<td bgcolor=\"#CCCCCC\">\n<div align=\"center\"><strong>Dorsal<\/strong><\/div>\n<\/td>\n<td bgcolor=\"#CCCCCC\">\n<div align=\"center\"><strong>Piloto<\/strong><\/div>\n<\/td>\n<td bgcolor=\"#CCCCCC\">\n<div align=\"center\"><strong>Coche<\/strong><\/div>\n<\/td>\n<td bgcolor=\"#CCCCCC\">\n<div align=\"center\"><strong>Tiempo<\/strong><\/div>\n<\/td>\n<\/tr>\n<tr>\n<td>\n<div align=\"center\"><strong>1\u00ba<\/strong><\/div>\n<\/td>\n<td>\n<div align=\"center\">1<\/div>\n<\/td>\n<td>\n<div align=\"center\">Joseba Iraola<\/div>\n<\/td>\n<td>\n<div align=\"center\">Nova NP01<\/div>\n<\/td>\n<td>\n<div align=\"center\">2&#8242; 57,862&#8243;<\/div>\n<\/td>\n<\/tr>\n<tr>\n<td>\n<div align=\"center\"><strong>2\u00ba<\/strong><\/div>\n<\/td>\n<td>\n<div align=\"center\">2<\/div>\n<\/td>\n<td>\n<div align=\"center\">Arkaitz Ordoki<\/div>\n<\/td>\n<td>\n<div align=\"center\">Norma M20FC<\/div>\n<\/td>\n<td>\n<div align=\"center\">3&#8242; 19,020&#8243;<\/div>\n<\/td>\n<\/tr>\n<tr>\n<td>\n<div align=\"center\"><strong>3\u00ba<\/strong><\/div>\n<\/td>\n<td>\n<div align=\"center\">7<\/div>\n<\/td>\n<td>\n<div align=\"center\">Aitor Manso<\/div>\n<\/td>\n<td>\n<div align=\"center\">BRC B49<\/div>\n<\/td>\n<td>\n<div align=\"center\">3&#8242; 21,471&#8243;<\/div>\n<\/td>\n<\/tr>\n<tr>\n<td>\n<div align=\"center\"><strong>4\u00ba<\/strong><\/div>\n<\/td>\n<td>\n<div align=\"center\">5<\/div>\n<\/td>\n<td>\n<div align=\"center\">Iker Palacios<\/div>\n<\/td>\n<td>\n<div align=\"center\">BRC B52<\/div>\n<\/td>\n<td>\n<div align=\"center\">3&#8242; 29,153&#8243;<\/div>\n<\/td>\n<\/tr>\n<tr>\n<td>\n<div align=\"center\"><strong>5\u00ba<\/strong><\/div>\n<\/td>\n<td>\n<div align=\"center\">7<\/div>\n<\/td>\n<td>\n<div align=\"center\">Luis Miguel Alonso<\/div>\n<\/td>\n<td>\n<div align=\"center\">BRC B49<\/div>\n<\/td>\n<td>\n<div align=\"center\">3&#8242; 29,159&#8243;<\/div>\n<\/td>\n<\/tr>\n<tr>\n<td>\n<div align=\"center\"><strong>6\u00ba<\/strong><\/div>\n<\/td>\n<td>\n<div align=\"center\">9<\/div>\n<\/td>\n<td>\n<div align=\"center\">I\u00f1aki Jauregui<\/div>\n<\/td>\n<td>\n<div align=\"center\">SpeeCar GT1000<\/div>\n<\/td>\n<td>\n<div align=\"center\">3&#8242; 30,152&#8243;<\/div>\n<\/td>\n<\/tr>\n<tr>\n<td>\n<div align=\"center\"><strong>7\u00ba<\/strong><\/div>\n<\/td>\n<td>\n<div align=\"center\">10\u00ba<\/div>\n<\/td>\n<td>\n<div align=\"center\">Arnaud Dardans<\/div>\n<\/td>\n<td>\n<div align=\"center\">BRC B49<\/div>\n<\/td>\n<td>\n<div align=\"center\">3&#8242; 30,886&#8243;<\/div>\n<\/td>\n<\/tr>\n<tr>\n<td>\n<div align=\"center\"><strong>8\u00ba<\/strong><\/div>\n<\/td>\n<td>\n<div align=\"center\">3<\/div>\n<\/td>\n<td>\n<div align=\"center\">Daniel Jim\u00e9nez<\/div>\n<\/td>\n<td>\n<div align=\"center\">Norma M20F<\/div>\n<\/td>\n<td>\n<div align=\"center\">3&#8242; 33,059<\/div>\n<\/td>\n<\/tr>\n<tr>\n<td>\n<div align=\"center\"><strong>9\u00ba<\/strong><\/div>\n<\/td>\n<td>\n<div align=\"center\">11<\/div>\n<\/td>\n<td>\n<div align=\"center\">Bruno Scherer<\/div>\n<\/td>\n<td>\n<div align=\"center\">Porsche 911 GT3<\/div>\n<\/td>\n<td>\n<div align=\"center\">3&#8242; 36,396&#8243;<\/div>\n<\/td>\n<\/tr>\n<tr>\n<td>\n<div align=\"center\"><strong>10\u00ba<\/strong><\/div>\n<\/td>\n<td>\n<div align=\"center\">14<\/div>\n<\/td>\n<td>\n<div align=\"center\">Joseba Beola<\/div>\n<\/td>\n<td>\n<div align=\"center\">Mitsubishi EVO X R4<\/div>\n<\/td>\n<td>\n<div align=\"center\">3&#8242; 37,9092<\/div>\n<\/td>\n<\/tr>\n<\/tbody>\n<\/table>\n<p style=\"text-align: justify;\"><img loading=\"lazy\" decoding=\"async\" class=\"aligncenter size-full wp-image-3377\" src=\"http:\/\/motormania.info\/MM\/wp-content\/uploads\/2022\/10\/Arkaitz-Ordoki.jpg\" alt=\"Arkaitz Ordoki. Norma M20FC\" width=\"610\" height=\"391\" srcset=\"https:\/\/motormania.info\/MM\/wp-content\/uploads\/2022\/10\/Arkaitz-Ordoki.jpg 610w, https:\/\/motormania.info\/MM\/wp-content\/uploads\/2022\/10\/Arkaitz-Ordoki-300x192.jpg 300w\" sizes=\"auto, (max-width: 610px) 100vw, 610px\" \/><\/p>\n<p style=\"text-align: right;\"><img loading=\"lazy\" decoding=\"async\" class=\"aligncenter size-full wp-image-3378\" src=\"http:\/\/motormania.info\/MM\/wp-content\/uploads\/2022\/10\/Aitor-Manso.jpg\" alt=\"Aitor Manso. BRC B49\" width=\"610\" height=\"387\" srcset=\"https:\/\/motormania.info\/MM\/wp-content\/uploads\/2022\/10\/Aitor-Manso.jpg 610w, https:\/\/motormania.info\/MM\/wp-content\/uploads\/2022\/10\/Aitor-Manso-300x190.jpg 300w\" sizes=\"auto, (max-width: 610px) 100vw, 610px\" \/><br \/>\n<img loading=\"lazy\" decoding=\"async\" class=\"aligncenter size-full wp-image-3379\" src=\"http:\/\/motormania.info\/MM\/wp-content\/uploads\/2022\/10\/Joseba-Beola.jpg\" alt=\"Joseba Beola. Mitsubishi Lancer EVO X\" width=\"610\" height=\"426\" srcset=\"https:\/\/motormania.info\/MM\/wp-content\/uploads\/2022\/10\/Joseba-Beola.jpg 610w, https:\/\/motormania.info\/MM\/wp-content\/uploads\/2022\/10\/Joseba-Beola-300x210.jpg 300w\" sizes=\"auto, (max-width: 610px) 100vw, 610px\" \/><br \/>\n<img loading=\"lazy\" decoding=\"async\" class=\"aligncenter size-full wp-image-3381\" src=\"http:\/\/motormania.info\/MM\/wp-content\/uploads\/2022\/10\/Andoni-Lopez-de-Munain.jpg\" alt=\"Andoni Lopez de Munain. BMW 2002\" width=\"610\" height=\"430\" srcset=\"https:\/\/motormania.info\/MM\/wp-content\/uploads\/2022\/10\/Andoni-Lopez-de-Munain.jpg 610w, https:\/\/motormania.info\/MM\/wp-content\/uploads\/2022\/10\/Andoni-Lopez-de-Munain-300x211.jpg 300w\" sizes=\"auto, (max-width: 610px) 100vw, 610px\" \/><br \/>\n<img loading=\"lazy\" decoding=\"async\" class=\"aligncenter size-full wp-image-3382\" src=\"http:\/\/motormania.info\/MM\/wp-content\/uploads\/2022\/10\/BMW-E36-Drifting.jpg\" alt=\"BMW E36 Drifting. Urbasa HillClimb\" width=\"610\" height=\"379\" srcset=\"https:\/\/motormania.info\/MM\/wp-content\/uploads\/2022\/10\/BMW-E36-Drifting.jpg 610w, https:\/\/motormania.info\/MM\/wp-content\/uploads\/2022\/10\/BMW-E36-Drifting-300x186.jpg 300w\" sizes=\"auto, (max-width: 610px) 100vw, 610px\" \/><br \/>\n<a href=\"https:\/\/www.facebook.com\/media\/set\/?vanity=MotorMania.info&amp;set=a.784679619161152\" target=\"_blank\" rel=\"noopener noreferrer\"><strong>TODAS NUESTRAS FOTOS &gt;&gt;&gt;<\/strong><\/a><\/p>\n","protected":false},"excerpt":{"rendered":"<p>El 8 de octubre de 2022 se disput\u00f3 en Olazti (Navarra) la XL Subida a Urbasa. La prueba, organizada como en otras ocasiones por la escuder\u00eda Sakana MotorSport, cont\u00f3 con una manga de entrenos y dos de carrera, y fue puntuable para los Campeonatos Navarros[&#8230;]<\/p>\n","protected":false},"author":1,"featured_media":3383,"comment_status":"open","ping_status":"open","sticky":false,"template":"","format":"standard","meta":{"footnotes":""},"categories":[1,3],"tags":[994,826,6,719],"class_list":["post-3372","post","type-post","status-publish","format-standard","has-post-thumbnail","hentry","category-competicion","category-noticias","tag-994","tag-joseba-iraola","tag-subida","tag-urbasa"],"_links":{"self":[{"href":"https:\/\/motormania.info\/MM\/wp-json\/wp\/v2\/posts\/3372","targetHints":{"allow":["GET"]}}],"collection":[{"href":"https:\/\/motormania.info\/MM\/wp-json\/wp\/v2\/posts"}],"about":[{"href":"https:\/\/motormania.info\/MM\/wp-json\/wp\/v2\/types\/post"}],"author":[{"embeddable":true,"href":"https:\/\/motormania.info\/MM\/wp-json\/wp\/v2\/users\/1"}],"replies":[{"embeddable":true,"href":"https:\/\/motormania.info\/MM\/wp-json\/wp\/v2\/comments?post=3372"}],"version-history":[{"count":6,"href":"https:\/\/motormania.info\/MM\/wp-json\/wp\/v2\/posts\/3372\/revisions"}],"predecessor-version":[{"id":4255,"href":"https:\/\/motormania.info\/MM\/wp-json\/wp\/v2\/posts\/3372\/revisions\/4255"}],"wp:featuredmedia":[{"embeddable":true,"href":"https:\/\/motormania.info\/MM\/wp-json\/wp\/v2\/media\/3383"}],"wp:attachment":[{"href":"https:\/\/motormania.info\/MM\/wp-json\/wp\/v2\/media?parent=3372"}],"wp:term":[{"taxonomy":"category","embeddable":true,"href":"https:\/\/motormania.info\/MM\/wp-json\/wp\/v2\/categories?post=3372"},{"taxonomy":"post_tag","embeddable":true,"href":"https:\/\/motormania.info\/MM\/wp-json\/wp\/v2\/tags?post=3372"}],"curies":[{"name":"wp","href":"https:\/\/api.w.org\/{rel}","templated":true}]}}