{"id":171,"date":"2016-10-21T17:09:25","date_gmt":"2016-10-21T16:09:25","guid":{"rendered":"http:\/\/motormania.info\/MM\/?p=171"},"modified":"2016-10-21T17:09:25","modified_gmt":"2016-10-21T16:09:25","slug":"rallye-vasco-navarro-1-982-23a-edicion","status":"publish","type":"post","link":"https:\/\/motormania.info\/MM\/2016\/10\/21\/rallye-vasco-navarro-1-982-23a-edicion\/","title":{"rendered":"Rallye Vasco-Navarro 1.982 (23\u00aa edici\u00f3n)"},"content":{"rendered":"<p style=\"text-align: justify;\">Los d\u00edas 6 y 7 de marzo de 1.982 tuvo lugar la 23\u00aa edici\u00f3n del Rallye Vasco \u2013 Navarro, puntuable para el campeonato Nacional de Rallyes, aunque al tratarse de una prueba de Categor\u00eda B \u00a0del inicio de la temporada, los equipos punteros de Antonio Zanini, Beny Fern\u00e1ndez y Genito Ortiz no disputaron la prueba.<\/p>\n<figure id=\"attachment_174\" aria-describedby=\"caption-attachment-174\" style=\"width: 600px\" class=\"wp-caption aligncenter\"><img loading=\"lazy\" decoding=\"async\" class=\"wp-image-174 size-full\" src=\"http:\/\/motormania.info\/MM\/wp-content\/uploads\/2016\/10\/VascoNavarro001.jpg\" alt=\"Rallye Vasco Navarro 1982\" width=\"600\" height=\"321\" srcset=\"https:\/\/motormania.info\/MM\/wp-content\/uploads\/2016\/10\/VascoNavarro001.jpg 600w, https:\/\/motormania.info\/MM\/wp-content\/uploads\/2016\/10\/VascoNavarro001-300x161.jpg 300w\" sizes=\"auto, (max-width: 600px) 100vw, 600px\" \/><figcaption id=\"caption-attachment-174\" class=\"wp-caption-text\">Fernando Lezama (Renault 5 Turbo) \u00a0 \u00a0\u00a0 Foto; Javier Estomba<\/figcaption><\/figure>\n<p style=\"text-align: justify;\">Un total de 39 participantes tomaron la salida en Donostia para enfrentarse durante dos d\u00edas a un recorrido de m\u00e1s de 700km, de los que 287 correspond\u00edan a los 21 tramos cronometrados. La carrera se disput\u00f3 bajo \u00a0una intensa lluvia y estuvo dominada inicialmente por Marc Etchebers (Porsche 911), a quien una aver\u00eda le obligar\u00eda a abandonar, coloc\u00e1ndose en cabeza Fernando Lezama (Renault 5 Turbo) que conseguir\u00eda la victoria a pesar de la presi\u00f3n ejercida por Eduardo Balcazar (Talbot Subeam Lotus)<\/p>\n<p style=\"text-align: center;\"><strong>CLASIFICACI\u00d3N<\/strong><\/p>\n<table border=\"1\" width=\"600\">\n<tbody>\n<tr>\n<td bgcolor=\"#CCCCCC\">\n<div align=\"center\"><strong>Posici\u00f3n<\/strong><\/div>\n<\/td>\n<td bgcolor=\"#CCCCCC\">\n<div align=\"center\"><strong>Piloto<\/strong><\/div>\n<\/td>\n<td bgcolor=\"#CCCCCC\">\n<div align=\"center\"><strong>Copiloto<\/strong><\/div>\n<\/td>\n<td bgcolor=\"#CCCCCC\">\n<div align=\"center\"><strong>Coche<\/strong><\/div>\n<\/td>\n<td bgcolor=\"#CCCCCC\">\n<div align=\"center\"><strong>Tiempo<\/strong><\/div>\n<\/td>\n<\/tr>\n<tr>\n<td>\n<div align=\"center\">1\u00ba<\/div>\n<\/td>\n<td>\n<div align=\"center\">\u00a0Fernando Lezama<\/div>\n<\/td>\n<td>\n<div align=\"center\">Fern\u00e1ndez<\/div>\n<\/td>\n<td>\n<div align=\"center\">Renault 5 Turbo<\/div>\n<\/td>\n<td>\n<div align=\"center\">3h 33&#8242; 12&#8242;<\/div>\n<\/td>\n<\/tr>\n<tr>\n<td>\n<div align=\"center\">2\u00ba<\/div>\n<\/td>\n<td>\n<div align=\"center\">Eduardo Balcazar<\/div>\n<\/td>\n<td>\n<div align=\"center\">Molina<\/div>\n<\/td>\n<td>\n<div align=\"center\">Talbot Subeam Lotus<\/div>\n<\/td>\n<td>\n<div align=\"center\">+ 53&#8243;<\/div>\n<\/td>\n<\/tr>\n<tr>\n<td>\n<div align=\"center\">3\u00ba<\/div>\n<\/td>\n<td>\n<div align=\"center\">Francisco Mart\u00ednez<\/div>\n<\/td>\n<td>\n<div align=\"center\">Crespo<\/div>\n<\/td>\n<td>\n<div align=\"center\">Opel Ascona i2000<\/div>\n<\/td>\n<td>\n<div align=\"center\">+ 7&#8242; 34&#8243;<\/div>\n<\/td>\n<\/tr>\n<tr>\n<td>\n<div align=\"center\">4\u00ba<\/div>\n<\/td>\n<td>\n<div align=\"center\">\u00abRoke\u00bb<\/div>\n<\/td>\n<td>\n<div align=\"center\">Villanueva<\/div>\n<\/td>\n<td>\n<div align=\"center\">SEAT 124 1800<\/div>\n<\/td>\n<td>\n<div align=\"center\">+ 8&#8242; 36&#8243;<\/div>\n<\/td>\n<\/tr>\n<tr>\n<td>\n<div align=\"center\">5\u00ba<\/div>\n<\/td>\n<td>\n<div align=\"center\">\u00abGavi\u00bb<\/div>\n<\/td>\n<td>\n<div align=\"center\">Ventura<\/div>\n<\/td>\n<td>\n<div align=\"center\">Opel Kadett GT\/E<\/div>\n<\/td>\n<td>\n<div align=\"center\">+ 15&#8242; 24&#8243;<\/div>\n<\/td>\n<\/tr>\n<tr>\n<td>\n<div align=\"center\">6\u00ba<\/div>\n<\/td>\n<td>\n<div align=\"center\">Berraondo<\/div>\n<\/td>\n<td>\n<div align=\"center\">Mart\u00ednez<\/div>\n<\/td>\n<td>\n<div align=\"center\">Ford Fiesta 1300<\/div>\n<\/td>\n<td>\n<div align=\"center\">+ 24&#8242; 25&#8243;<\/div>\n<\/td>\n<\/tr>\n<tr>\n<td>\n<div align=\"center\">7\u00ba<\/div>\n<\/td>\n<td>\n<div align=\"center\">Vanghelwe<\/div>\n<\/td>\n<td>\n<div align=\"center\">Cazaux<\/div>\n<\/td>\n<td>\n<div align=\"center\">Alfa Romeo<\/div>\n<\/td>\n<td>\n<div align=\"center\">+ 35&#8242; 50&#8243;<\/div>\n<\/td>\n<\/tr>\n<tr>\n<td>\n<div align=\"center\">8\u00ba<\/div>\n<\/td>\n<td>\n<div align=\"center\">Rougier<\/div>\n<\/td>\n<td>\n<div align=\"center\">Thyerri<\/div>\n<\/td>\n<td>\n<div align=\"center\">Talbot Rallye 3<\/div>\n<\/td>\n<td>\n<div align=\"center\">+ 40&#8242; 52&#8243;<\/div>\n<\/td>\n<\/tr>\n<tr>\n<td>\n<div align=\"center\">9\u00ba<\/div>\n<\/td>\n<td>\n<div align=\"center\">Castro<\/div>\n<\/td>\n<td>\n<div align=\"center\">Irigoyen<\/div>\n<\/td>\n<td>\n<div align=\"center\">Talbot Rallye 2<\/div>\n<\/td>\n<td>\n<div align=\"center\">+ 44&#8242; 21&#8243;<\/div>\n<\/td>\n<\/tr>\n<tr>\n<td>\n<div align=\"center\">10\u00ba<\/div>\n<\/td>\n<td>\n<div align=\"center\">Carreira<\/div>\n<\/td>\n<td>\n<div align=\"center\">Egurza<\/div>\n<\/td>\n<td>\n<div align=\"center\">SEAT Panda 45<\/div>\n<\/td>\n<td>\n<div align=\"center\">+ 47&#8242; 01&#8243;<\/div>\n<\/td>\n<\/tr>\n<\/tbody>\n<\/table>\n<figure id=\"attachment_175\" aria-describedby=\"caption-attachment-175\" style=\"width: 600px\" class=\"wp-caption aligncenter\"><img loading=\"lazy\" decoding=\"async\" class=\"wp-image-175 size-full\" src=\"http:\/\/motormania.info\/MM\/wp-content\/uploads\/2016\/10\/VascoNavarro002.jpg\" alt=\"Rallye Vasco Navarro 1982\" width=\"600\" height=\"378\" srcset=\"https:\/\/motormania.info\/MM\/wp-content\/uploads\/2016\/10\/VascoNavarro002.jpg 600w, https:\/\/motormania.info\/MM\/wp-content\/uploads\/2016\/10\/VascoNavarro002-300x189.jpg 300w\" sizes=\"auto, (max-width: 600px) 100vw, 600px\" \/><figcaption id=\"caption-attachment-175\" class=\"wp-caption-text\">Eduardo Balcazar (Talbot Subeam Lotus) \u00a0 \u00a0\u00a0 Foto; Javier Estomba<\/figcaption><\/figure>\n<figure id=\"attachment_182\" aria-describedby=\"caption-attachment-182\" style=\"width: 600px\" class=\"wp-caption aligncenter\"><img loading=\"lazy\" decoding=\"async\" class=\"wp-image-182 size-full\" src=\"http:\/\/motormania.info\/MM\/wp-content\/uploads\/2016\/10\/VascoNavarro006.jpg\" alt=\"Franciasco Mart\u00ednez (Opel Ascona i2000) Foto; Javier Estomba\" width=\"600\" height=\"306\" srcset=\"https:\/\/motormania.info\/MM\/wp-content\/uploads\/2016\/10\/VascoNavarro006.jpg 600w, https:\/\/motormania.info\/MM\/wp-content\/uploads\/2016\/10\/VascoNavarro006-300x153.jpg 300w\" sizes=\"auto, (max-width: 600px) 100vw, 600px\" \/><figcaption id=\"caption-attachment-182\" class=\"wp-caption-text\">Franciasco Mart\u00ednez (Opel Ascona i2000) \u00a0\u00a0 Foto; Javier Estomba<\/figcaption><\/figure>\n<figure id=\"attachment_177\" aria-describedby=\"caption-attachment-177\" style=\"width: 600px\" class=\"wp-caption aligncenter\"><img loading=\"lazy\" decoding=\"async\" class=\"wp-image-177 size-full\" src=\"http:\/\/motormania.info\/MM\/wp-content\/uploads\/2016\/10\/VascoNavarro003.jpg\" alt=\"&quot;El Pibe&quot; (FIAT 131 Abarth) Foto; Javier Estomba\" width=\"600\" height=\"400\" srcset=\"https:\/\/motormania.info\/MM\/wp-content\/uploads\/2016\/10\/VascoNavarro003.jpg 600w, https:\/\/motormania.info\/MM\/wp-content\/uploads\/2016\/10\/VascoNavarro003-300x200.jpg 300w, https:\/\/motormania.info\/MM\/wp-content\/uploads\/2016\/10\/VascoNavarro003-120x80.jpg 120w, https:\/\/motormania.info\/MM\/wp-content\/uploads\/2016\/10\/VascoNavarro003-360x240.jpg 360w, https:\/\/motormania.info\/MM\/wp-content\/uploads\/2016\/10\/VascoNavarro003-480x320.jpg 480w\" sizes=\"auto, (max-width: 600px) 100vw, 600px\" \/><figcaption id=\"caption-attachment-177\" class=\"wp-caption-text\">\u00abEl Pibe\u00bb (FIAT 131 Abarth)\u00a0\u00a0\u00a0 Foto; Javier Estomba<\/figcaption><\/figure>\n<figure id=\"attachment_179\" aria-describedby=\"caption-attachment-179\" style=\"width: 600px\" class=\"wp-caption aligncenter\"><img loading=\"lazy\" decoding=\"async\" class=\"wp-image-179 size-full\" src=\"http:\/\/motormania.info\/MM\/wp-content\/uploads\/2016\/10\/VascoNavarro004.jpg\" alt=\"&quot;Gavi&quot; (Opel Kadett GT\/E) Foto; Javier Estomba\" width=\"600\" height=\"375\" srcset=\"https:\/\/motormania.info\/MM\/wp-content\/uploads\/2016\/10\/VascoNavarro004.jpg 600w, https:\/\/motormania.info\/MM\/wp-content\/uploads\/2016\/10\/VascoNavarro004-300x188.jpg 300w\" sizes=\"auto, (max-width: 600px) 100vw, 600px\" \/><figcaption id=\"caption-attachment-179\" class=\"wp-caption-text\">\u00abGavi\u00bb (Opel Kadett GT\/E)\u00a0\u00a0\u00a0\u00a0\u00a0\u00a0 Foto; Javier Estomba<\/figcaption><\/figure>\n<figure id=\"attachment_181\" aria-describedby=\"caption-attachment-181\" style=\"width: 600px\" class=\"wp-caption aligncenter\"><img loading=\"lazy\" decoding=\"async\" class=\"wp-image-181 size-full\" src=\"http:\/\/motormania.info\/MM\/wp-content\/uploads\/2016\/10\/VascoNavarro005.jpg\" alt=\"J.B. Baldubieco (Ford Escort) Foto; Javier Estomba\" width=\"600\" height=\"356\" srcset=\"https:\/\/motormania.info\/MM\/wp-content\/uploads\/2016\/10\/VascoNavarro005.jpg 600w, https:\/\/motormania.info\/MM\/wp-content\/uploads\/2016\/10\/VascoNavarro005-300x178.jpg 300w\" sizes=\"auto, (max-width: 600px) 100vw, 600px\" \/><figcaption id=\"caption-attachment-181\" class=\"wp-caption-text\">J.B. Baldubieco (Ford Escort)\u00a0\u00a0\u00a0\u00a0\u00a0\u00a0 Foto; Javier Estomba<\/figcaption><\/figure>\n<p>&nbsp;<\/p>\n","protected":false},"excerpt":{"rendered":"<p>Los d\u00edas 6 y 7 de marzo de 1.982 tuvo lugar la 23\u00aa edici\u00f3n del Rallye Vasco \u2013 Navarro, puntuable para el campeonato Nacional de Rallyes, aunque al tratarse de una prueba de Categor\u00eda B \u00a0del inicio de la temporada, los equipos punteros de Antonio[&#8230;]<\/p>\n","protected":false},"author":1,"featured_media":174,"comment_status":"open","ping_status":"open","sticky":false,"template":"","format":"standard","meta":{"footnotes":""},"categories":[1,2],"tags":[51,49,50],"class_list":["post-171","post","type-post","status-publish","format-standard","has-post-thumbnail","hentry","category-competicion","category-historia","tag-51","tag-rallye","tag-vasco-navarro"],"_links":{"self":[{"href":"https:\/\/motormania.info\/MM\/wp-json\/wp\/v2\/posts\/171","targetHints":{"allow":["GET"]}}],"collection":[{"href":"https:\/\/motormania.info\/MM\/wp-json\/wp\/v2\/posts"}],"about":[{"href":"https:\/\/motormania.info\/MM\/wp-json\/wp\/v2\/types\/post"}],"author":[{"embeddable":true,"href":"https:\/\/motormania.info\/MM\/wp-json\/wp\/v2\/users\/1"}],"replies":[{"embeddable":true,"href":"https:\/\/motormania.info\/MM\/wp-json\/wp\/v2\/comments?post=171"}],"version-history":[{"count":5,"href":"https:\/\/motormania.info\/MM\/wp-json\/wp\/v2\/posts\/171\/revisions"}],"predecessor-version":[{"id":183,"href":"https:\/\/motormania.info\/MM\/wp-json\/wp\/v2\/posts\/171\/revisions\/183"}],"wp:featuredmedia":[{"embeddable":true,"href":"https:\/\/motormania.info\/MM\/wp-json\/wp\/v2\/media\/174"}],"wp:attachment":[{"href":"https:\/\/motormania.info\/MM\/wp-json\/wp\/v2\/media?parent=171"}],"wp:term":[{"taxonomy":"category","embeddable":true,"href":"https:\/\/motormania.info\/MM\/wp-json\/wp\/v2\/categories?post=171"},{"taxonomy":"post_tag","embeddable":true,"href":"https:\/\/motormania.info\/MM\/wp-json\/wp\/v2\/tags?post=171"}],"curies":[{"name":"wp","href":"https:\/\/api.w.org\/{rel}","templated":true}]}}